{"id":57514,"date":"2025-04-27T19:23:25","date_gmt":"2025-04-27T19:23:25","guid":{"rendered":"https:\/\/www.europesays.com\/fr\/57514\/"},"modified":"2025-04-27T19:23:25","modified_gmt":"2025-04-27T19:23:25","slug":"a-strasbourg-on-sait-enfin-quand-sera-mis-en-service-le-tram-ouest","status":"publish","type":"post","link":"https:\/\/www.europesays.com\/fr\/57514\/","title":{"rendered":"\u00e0 Strasbourg, on sait enfin quand sera mis en service le tram Ouest"},"content":{"rendered":"<p>    <img loading=\"lazy\" width=\"1800\" height=\"900\" src=\"https:\/\/www.europesays.com\/fr\/wp-content\/uploads\/2025\/04\/jeanne-callthepolice.jpg\" class=\"attachment-full size-full\" alt=\"\" id=\"imageLove\" decoding=\"async\"  \/><\/p>\n<p id=\"breadcrumbs\"><a href=\"https:\/\/pokaa.fr\/\" rel=\"nofollow noopener\" target=\"_blank\">Accueil<\/a> \/ <a href=\"https:\/\/pokaa.fr\/categories\/actu\/\" rel=\"nofollow noopener\" target=\"_blank\">Info locale<\/a> \/ Projet \u00e0 122 millions d\u2019\u20ac : \u00e0 Strasbourg, on sait enfin quand sera mis en service le tram Ouest<\/p>\n<p>                    Info locale<\/p>\n<p class=\"p1\"><b>Alors que le chantier du tram Ouest suit son cours, on sait enfin quand aura lieu l\u2019entr\u00e9e en service du tram qui desservira, avec 8 nouvelles stations, plusieurs quartiers et ira jusqu\u2019\u00e0 Wolfisheim. Ce sera en novembre 2025, avant le march\u00e9 de No\u00ebl. L\u2019occasion de faire un retour sur le plus gros projet de mobilit\u00e9 de ce mandat.<\/b><\/p>\n<p class=\"p1\">Koenigshoffen, le Hohberg, les Poteries, Eckbolsheim et Wolfisheim s\u2019appr\u00eatent \u00e0 accueillir le tram Ouest comme il se doit. <strong>Huit<\/strong><b> mois apr\u00e8s la pose du premier rail, l\u2019immense chantier \u00e0 122 millions d\u2019euros avance \u00e0 grands pas<\/b>. Et surtout, dans les temps, au grand soulagement de la Ville et de l\u2019Eurom\u00e9tropole apr\u00e8s l\u2019\u00e9chec du tram Nord.<\/p>\n<p class=\"p1\">Alors qu\u2019\u00e0 travers les diff\u00e9rentes conf\u00e9rences de presse, <b>l\u2019\u00e9ch\u00e9ance de novembre 2025 \u00e9tait donn\u00e9e, elle a \u00e9t\u00e9 confirm\u00e9e par Alain Jund, vice-pr\u00e9sident de l\u2019Eurom\u00e9tropole aux mobilit\u00e9s<\/b>, <a href=\"https:\/\/www.facebook.com\/alain.jund\/posts\/pfbid02kutjR8LNeshXB7rNkYqhMTy4CdGDaxunjQ78kbE6F4JaVtomNybwLqZp6E5oAZXgl\" target=\"_blank\" rel=\"noopener nofollow\">sur sa page Facebook<\/a>. De mani\u00e8re encore plus pr\u00e9cise, il semblerait que le nouveau tram Ouest va rentrer en service avant le d\u00e9but du march\u00e9 de No\u00ebl prochain.<\/p>\n<p>                <img width=\"667\" height=\"500\" src=\"https:\/\/www.europesays.com\/fr\/wp-content\/uploads\/2025\/04\/img-2927-667x500.jpg\" class=\"attachment-gallery size-gallery\" alt=\"travaux tram ouest\" data-full-url=\"https:\/\/pokaa.fr\/wp-content\/uploads\/2024\/08\/26\/img-2927.jpg\" decoding=\"async\" loading=\"lazy\"  \/>            <\/p>\n<p>                <img width=\"667\" height=\"500\" src=\"https:\/\/www.europesays.com\/fr\/wp-content\/uploads\/2025\/04\/img-6400-grande-667x500.jpeg\" class=\"attachment-gallery size-gallery\" alt=\"chantier tram ouest\" data-full-url=\"https:\/\/pokaa.fr\/wp-content\/uploads\/2025\/01\/29\/img-6400-grande.jpeg\" decoding=\"async\" loading=\"lazy\"  \/>            <\/p>\n<p>                <img width=\"667\" height=\"500\" src=\"https:\/\/www.europesays.com\/fr\/wp-content\/uploads\/2025\/04\/img-6404-grande-667x500.jpeg\" class=\"attachment-gallery size-gallery\" alt=\"chantier tram ouest route des romains\" data-full-url=\"https:\/\/pokaa.fr\/wp-content\/uploads\/2025\/01\/29\/img-6404-grande.jpeg\" decoding=\"async\" loading=\"lazy\"  \/>            <\/p>\n<p>                    \u00a9 Nicolas Kaspar \/ Pokaa<\/p>\n<p>Un projet de 8 nouvelles stations, pour 122 millions d\u2019euros<\/p>\n<p class=\"p1\">Concr\u00e8tement, <b>ce tram Ouest desservira, comme son nom l\u2019indique, les quartiers ouest de Strasbourg, ainsi que l\u2019ouest de l\u2019agglom\u00e9ration, avec 8 nouvelles stations et 4 km de rails<\/b>. Il passera par Koenigshoffen via la route des Romains, par le quartier du Hohberg via les rues de l\u2019Engelbreit et Virgile, par le quartier des Poteries, puis terminera son trajet en passant par Eckbolsheim et Wolfisheim o\u00f9 se trouvera son terminus, en plus d\u2019un parking-relais.<\/p>\n<p class=\"p1\"><a href=\"https:\/\/pokaa.fr\/2025\/01\/29\/tram-ouest-on-connait-le-nom-des-8-stations-du-grand-projet-a-122-millions-deuros\/\" target=\"_blank\" rel=\"noopener nofollow\">En janvier dernier<\/a>, la municipalit\u00e9 et l\u2019Eurom\u00e9tropole d\u00e9voilaient<strong> les noms des 8 nouvelles stations<\/strong> sur le trajet de la ligne F :<\/p>\n<ul class=\"ul1\">\n<li class=\"li1\">Gruber<\/li>\n<li class=\"li1\">Hohberg<\/li>\n<li class=\"li1\">Octroi<\/li>\n<li class=\"li1\">Poteries [le nom n\u2019a donc pas chang\u00e9, ndlr]<\/li>\n<li class=\"li1\">Eckelse [Eckbolsheim en alsacien, ndlr]<\/li>\n<li class=\"li1\">Bois Romain<\/li>\n<li class=\"li1\">Parc d\u2019activit\u00e9s Eckbolsheim \u2013 Z\u00e9nith<\/li>\n<li class=\"li1\">Wolfisheim \u2013 Henri-Rendu [en hommage au capitaine tu\u00e9 par balle \u00e0 Wolfisheim le 23 novembre 1944, jour de la Lib\u00e9ration de Strasbourg, ndlr]<\/li>\n<\/ul>\n<p>                <img width=\"667\" height=\"500\" src=\"https:\/\/www.europesays.com\/fr\/wp-content\/uploads\/2025\/04\/img-6399-grande-667x500.jpeg\" class=\"attachment-gallery size-gallery\" alt=\"chantier tram ouest\" data-full-url=\"https:\/\/pokaa.fr\/wp-content\/uploads\/2025\/01\/29\/img-6399-grande.jpeg\" decoding=\"async\" loading=\"lazy\"  \/>            <\/p>\n<p>                <img width=\"667\" height=\"500\" src=\"https:\/\/www.europesays.com\/fr\/wp-content\/uploads\/2025\/04\/img-6406-grande-667x500.jpeg\" class=\"attachment-gallery size-gallery\" alt=\"chantier tram ouest route des romains\" data-full-url=\"https:\/\/pokaa.fr\/wp-content\/uploads\/2025\/01\/29\/img-6406-grande.jpeg\" decoding=\"async\" loading=\"lazy\"  \/>            <\/p>\n<p>                <img width=\"667\" height=\"500\" src=\"https:\/\/www.europesays.com\/fr\/wp-content\/uploads\/2025\/04\/448244327-1038871170928989-3227320462450846508-n-667x500.jpg\" class=\"attachment-gallery size-gallery\" alt=\"poteries tram\" data-full-url=\"https:\/\/pokaa.fr\/wp-content\/uploads\/2024\/06\/28\/448244327-1038871170928989-3227320462450846508-n.jpg\" decoding=\"async\" loading=\"lazy\"  \/>            <\/p>\n<p>                    \u00a9 Nicolas Kaspar \/ Pokaa<\/p>\n<p>Une passerelle, une piste cyclable : le reste des am\u00e9nagements autour du tram Ouest<\/p>\n<p class=\"p1\">\u00c0 chaque nouveau projet d\u2019extension du r\u00e9seau de tram se greffent diff\u00e9rents chantiers pour transformer le paysage urbain. Dans le cadre du tram Ouest, <b>on peut notamment mentionner \u00ab\u00a0l\u2019apaisement\u00a0\u00bb de la route des Romains<\/b>, gard\u00e9e \u00e0 double sens de circulation entre la rue Jean-Mentelin et la rue Frenay. Surtout, <b>il y aura une nouvelle piste cyclable de 6 km sur la route de Wasselonne, de 3 m\u00e8tres de large.<\/b> Elle sera bidirectionnelle, continue, s\u00e9curis\u00e9e, et elle m\u00e8nera de l\u2019entr\u00e9e de Koenigshoffen jusqu\u2019\u00e0 Wolfisheim.<\/p>\n<p class=\"p1\">Enfin, d\u2019ici 2028, <b>une nouvelle passerelle pi\u00e9tonne et cyclable s\u00e9curis\u00e9e reliera les quartiers du Hohberg et de Koenigshoffen<\/b>. Un ouvrage au-dessus des voies ferr\u00e9es, accessible aux PMR, qui \u00e9vitera un d\u00e9tour de plus d\u2019un kilom\u00e8tre pour les habitant(e)s du secteur et qui leur permettra d\u2019acc\u00e9der plus facilement aux services publics. Bref, <strong>le tram Ouest est presque pr\u00eat \u00e0 transformer un tout nouveau secteur strasbourgeois.<\/strong><\/p>\n<p>                <a href=\"https:\/\/pokaa.fr\/2025\/04\/11\/pour-les-pietons-et-velos-une-passerelle-reliera-deux-quartiers-strasbourgeois-en-2028\/\" rel=\"nofollow noopener\" target=\"_blank\"><br \/>\n                    <img width=\"450\" height=\"270\" src=\"https:\/\/www.europesays.com\/fr\/wp-content\/uploads\/2025\/04\/z-450x270.png\" class=\"attachment-card-horizontal--same-subject size-card-horizontal--same-subject wp-post-image\" alt=\"\" decoding=\"async\" loading=\"lazy\"\/>                <\/a><\/p>\n<p>                <img width=\"667\" height=\"500\" src=\"https:\/\/www.europesays.com\/fr\/wp-content\/uploads\/2025\/04\/img-8102-grande-667x500.jpeg\" class=\"attachment-gallery size-gallery\" alt=\"voie ferr\u00e9e passerelle cyclable koenigshoffen\" data-full-url=\"https:\/\/pokaa.fr\/wp-content\/uploads\/2025\/04\/10\/img-8102-grande.jpeg\" decoding=\"async\" loading=\"lazy\"  \/>            <\/p>\n<p>                <img width=\"667\" height=\"500\" src=\"https:\/\/www.europesays.com\/fr\/wp-content\/uploads\/2025\/04\/img-2935-667x500.jpg\" class=\"attachment-gallery size-gallery\" alt=\"travaux tram ouest\" data-full-url=\"https:\/\/pokaa.fr\/wp-content\/uploads\/2024\/08\/26\/img-2935.jpg\" decoding=\"async\" loading=\"lazy\"  \/>            <\/p>\n<p>                    \u00a9 Nicolas Kaspar \/ Pokaa<\/p>\n","protected":false},"excerpt":{"rendered":"Accueil \/ Info locale \/ Projet \u00e0 122 millions d\u2019\u20ac : \u00e0 Strasbourg, on sait enfin quand sera&hellip;\n","protected":false},"author":2,"featured_media":57515,"comment_status":"","ping_status":"","sticky":false,"template":"","format":"standard","meta":{"footnotes":""},"categories":[2820],"tags":[1111,11,1777,674,1011,27,775,12,25,640,2221,8420,2086],"class_list":{"0":"post-57514","1":"post","2":"type-post","3":"status-publish","4":"format-standard","5":"has-post-thumbnail","7":"category-strasbourg","8":"tag-actu","9":"tag-actualites","10":"tag-eu","11":"tag-europe","12":"tag-fr","13":"tag-france","14":"tag-grand-est","15":"tag-news","16":"tag-republique-francaise","17":"tag-strasbourg","18":"tag-tram","19":"tag-tram-ouest","20":"tag-travaux"},"share_on_mastodon":{"url":"https:\/\/pubeurope.com\/@fr\/114411563172589946","error":""},"_links":{"self":[{"href":"https:\/\/www.europesays.com\/fr\/wp-json\/wp\/v2\/posts\/57514","targetHints":{"allow":["GET"]}}],"collection":[{"href":"https:\/\/www.europesays.com\/fr\/wp-json\/wp\/v2\/posts"}],"about":[{"href":"https:\/\/www.europesays.com\/fr\/wp-json\/wp\/v2\/types\/post"}],"author":[{"embeddable":true,"href":"https:\/\/www.europesays.com\/fr\/wp-json\/wp\/v2\/users\/2"}],"replies":[{"embeddable":true,"href":"https:\/\/www.europesays.com\/fr\/wp-json\/wp\/v2\/comments?post=57514"}],"version-history":[{"count":0,"href":"https:\/\/www.europesays.com\/fr\/wp-json\/wp\/v2\/posts\/57514\/revisions"}],"wp:featuredmedia":[{"embeddable":true,"href":"https:\/\/www.europesays.com\/fr\/wp-json\/wp\/v2\/media\/57515"}],"wp:attachment":[{"href":"https:\/\/www.europesays.com\/fr\/wp-json\/wp\/v2\/media?parent=57514"}],"wp:term":[{"taxonomy":"category","embeddable":true,"href":"https:\/\/www.europesays.com\/fr\/wp-json\/wp\/v2\/categories?post=57514"},{"taxonomy":"post_tag","embeddable":true,"href":"https:\/\/www.europesays.com\/fr\/wp-json\/wp\/v2\/tags?post=57514"}],"curies":[{"name":"wp","href":"https:\/\/api.w.org\/{rel}","templated":true}]}}