{"id":575147,"date":"2025-12-03T10:24:18","date_gmt":"2025-12-03T10:24:18","guid":{"rendered":"https:\/\/www.europesays.com\/fr\/575147\/"},"modified":"2025-12-03T10:24:18","modified_gmt":"2025-12-03T10:24:18","slug":"marseille-toutes-les-infos-autour-de-la-fermeture-du-site-conditions-de-travail-et-sante-vie-au-travail-cit","status":"publish","type":"post","link":"https:\/\/www.europesays.com\/fr\/575147\/","title":{"rendered":"Marseille : toutes les infos autour de la fermeture du site | Conditions de Travail et Sant\u00e9 | Vie au travail | CIT"},"content":{"rendered":"<p>La <strong>Commission Interne Th\u00e9matique<\/strong> (CIT) <strong>Conditions de Travail<\/strong>\u00a0 travaille sur tous les domaines relatifs \u00e0 la sant\u00e9, \u00e0 la s\u00e9curit\u00e9 et aux conditions de travail physiques et psychiques des personnels du Groupe.<\/p>\n<p>Elle s\u2019appuie sur les repr\u00e9sentants de la CFE-CGC Orange qui si\u00e8gent au CNSHSCT (Comit\u00e9 National Sant\u00e9, Hygi\u00e8ne, S\u00e9curit\u00e9 et Conditions de Travail) et aux CNPS (Comit\u00e9 National de Pr\u00e9vention du Stress). Elle anime par ailleurs tous les CHSCT qui demain, suite aux \u00ab\u00a0ordonnances Macron\u00a0\u00bb seront fusionn\u00e9s dans une nouvelle instance\u00a0: la commission sant\u00e9, s\u00e9curit\u00e9 et conditions de travail (CSSCT).<\/p>\n<p>La CIT coordonne la pr\u00e9paration et la restitution des d\u00e9bats de ces instances nationales et locales. Elle apporte un \u00e9clairage sur les conditions de travail et la situation de la sant\u00e9 des personnels dans le Groupe Orange (par exemple : \u00e9tat des lieux du Service de Sant\u00e9 au travail de Orange, \u00e9volution de l&rsquo;absent\u00e9isme, analyse des rapports des m\u00e9decins du travail et des services sociaux, suivi de certains accords nationaux Orange etc \u2026). Elle effectue par ailleurs une veille sur tous ces sujets\u00a0: lecture de la presse sp\u00e9cialis\u00e9e, participation \u00e0 des conf\u00e9rences (ex. INRS, DARES, SECAFI..), \u00e9coute des remont\u00e9es terrain des militants et \u00e9lus. Elle apporte ainsi un soutien r\u00e9gulier aux membres des CHSCT, cette instance pr\u00e9pond\u00e9rante pour d\u00e9fendre le respect de l&rsquo;humain et du droit.<\/p>\n<p>Elle participe activement aux diff\u00e9rentes n\u00e9gociations d\u2019accords tels que\u00a0:<\/p>\n<p>Accord sur le T\u00e9l\u00e9travail<\/p>\n<p>Accord Vie pro\/ Vie priv\u00e9e<\/p>\n<p>Accord sur le num\u00e9rique<\/p>\n<p>Accord sur l\u2019\u00e9valuation de la Charge de travail<\/p>\n<p>Accord de m\u00e9thodologie sur les grands projets immobiliers<\/p>\n<p>Encadrement des exp\u00e9rimentations \u2026<\/p>\n<p>Suivi des Grands projets immobiliers<\/p>\n<p>Nouveaux modes d\u2019organisation du travail tels que Flex Desk, M\u00e9thode Agile, SAFe By Orange\u00a0 \u2026<\/p>\n<p><strong>Dans tous ces domaines et sur les projets structurants du groupe, notre CIT assure le suivi des dossiers, l\u2019analyse des impacts sur les conditions de travail, et produit pr\u00e9conisations et plateformes de revendications \u00e0 destination des d\u00e9cideurs.<\/strong><\/p>\n<p>\u00a0<\/p>\n","protected":false},"excerpt":{"rendered":"La Commission Interne Th\u00e9matique (CIT) Conditions de Travail\u00a0 travaille sur tous les domaines relatifs \u00e0 la sant\u00e9, \u00e0&hellip;\n","protected":false},"author":2,"featured_media":575148,"comment_status":"","ping_status":"","sticky":false,"template":"","format":"standard","meta":{"footnotes":""},"categories":[2814],"tags":[1111,11,33781,68592,32577,68593,68594,68597,32581,1777,674,6248,1011,27,964,68595,68596,884,12,68598,738,882,25,68599,34263,68590,68591,11564],"class_list":{"0":"post-575147","1":"post","2":"type-post","3":"status-publish","4":"format-standard","5":"has-post-thumbnail","7":"category-marseille","8":"tag-actu","9":"tag-actualites","10":"tag-cadre","11":"tag-cfe","12":"tag-cfe-cgc","13":"tag-cfecgc","14":"tag-cgc","15":"tag-droit-prive","16":"tag-encadrement","17":"tag-eu","18":"tag-europe","19":"tag-fonctionnaire","20":"tag-fr","21":"tag-france","22":"tag-france-telecom","23":"tag-ft","24":"tag-ft-sa","25":"tag-marseille","26":"tag-news","27":"tag-non-cadre","28":"tag-orange","29":"tag-provence-alpes-cote-dazur","30":"tag-republique-francaise","31":"tag-sebastien-crozier","32":"tag-section","33":"tag-sncgc","34":"tag-sncgc-ft","35":"tag-syndicat"},"share_on_mastodon":{"url":"https:\/\/pubeurope.com\/@fr\/115655151712580258","error":""},"_links":{"self":[{"href":"https:\/\/www.europesays.com\/fr\/wp-json\/wp\/v2\/posts\/575147","targetHints":{"allow":["GET"]}}],"collection":[{"href":"https:\/\/www.europesays.com\/fr\/wp-json\/wp\/v2\/posts"}],"about":[{"href":"https:\/\/www.europesays.com\/fr\/wp-json\/wp\/v2\/types\/post"}],"author":[{"embeddable":true,"href":"https:\/\/www.europesays.com\/fr\/wp-json\/wp\/v2\/users\/2"}],"replies":[{"embeddable":true,"href":"https:\/\/www.europesays.com\/fr\/wp-json\/wp\/v2\/comments?post=575147"}],"version-history":[{"count":0,"href":"https:\/\/www.europesays.com\/fr\/wp-json\/wp\/v2\/posts\/575147\/revisions"}],"wp:featuredmedia":[{"embeddable":true,"href":"https:\/\/www.europesays.com\/fr\/wp-json\/wp\/v2\/media\/575148"}],"wp:attachment":[{"href":"https:\/\/www.europesays.com\/fr\/wp-json\/wp\/v2\/media?parent=575147"}],"wp:term":[{"taxonomy":"category","embeddable":true,"href":"https:\/\/www.europesays.com\/fr\/wp-json\/wp\/v2\/categories?post=575147"},{"taxonomy":"post_tag","embeddable":true,"href":"https:\/\/www.europesays.com\/fr\/wp-json\/wp\/v2\/tags?post=575147"}],"curies":[{"name":"wp","href":"https:\/\/api.w.org\/{rel}","templated":true}]}}