{"id":575157,"date":"2025-12-03T10:33:13","date_gmt":"2025-12-03T10:33:13","guid":{"rendered":"https:\/\/www.europesays.com\/fr\/575157\/"},"modified":"2025-12-03T10:33:13","modified_gmt":"2025-12-03T10:33:13","slug":"un-appartement-avec-terrasse-et-jacuzzi-dans-le-xixe-arrondissement-de-paris","status":"publish","type":"post","link":"https:\/\/www.europesays.com\/fr\/575157\/","title":{"rendered":"un appartement avec terrasse et jacuzzi dans le XIXe arrondissement de Paris"},"content":{"rendered":"<p class=\"upper-letter\">All\u00e9e des Eiders, proche de l\u2019avenue de Flandre, ce\u00a04-pi\u00e8ces de 79\u00a0m\u00b2 est compos\u00e9 d\u2019un s\u00e9jour avec cuisine ouverte, 3 chambres, une salle de bains, un balcon et une v\u00e9randa. La terrasse de 85\u00a0m\u00b2, avec jacuzzi, profite d\u2019une vue d\u00e9gag\u00e9e sur le Sacr\u00e9-C\u0153ur et la tour Eiffel, du haut de son 8e \u00e9tage. L\u2019appartement se trouve \u00e0 proximit\u00e9 de la ligne 7 et du Parc de la Villette.<\/p>\n","protected":false},"excerpt":{"rendered":"All\u00e9e des Eiders, proche de l\u2019avenue de Flandre, ce\u00a04-pi\u00e8ces de 79\u00a0m\u00b2 est compos\u00e9 d\u2019un s\u00e9jour avec cuisine ouverte,&hellip;\n","protected":false},"author":2,"featured_media":575158,"comment_status":"","ping_status":"","sticky":false,"template":"","format":"standard","meta":{"footnotes":""},"categories":[1888],"tags":[11,1777,674,1011,27,1116,1908,12,626,25],"class_list":{"0":"post-575157","1":"post","2":"type-post","3":"status-publish","4":"format-standard","5":"has-post-thumbnail","7":"category-paris","8":"tag-actualites","9":"tag-eu","10":"tag-europe","11":"tag-fr","12":"tag-france","13":"tag-immobilier","14":"tag-logement","15":"tag-news","16":"tag-paris","17":"tag-republique-francaise"},"share_on_mastodon":{"url":"https:\/\/pubeurope.com\/@fr\/115655187248819411","error":""},"_links":{"self":[{"href":"https:\/\/www.europesays.com\/fr\/wp-json\/wp\/v2\/posts\/575157","targetHints":{"allow":["GET"]}}],"collection":[{"href":"https:\/\/www.europesays.com\/fr\/wp-json\/wp\/v2\/posts"}],"about":[{"href":"https:\/\/www.europesays.com\/fr\/wp-json\/wp\/v2\/types\/post"}],"author":[{"embeddable":true,"href":"https:\/\/www.europesays.com\/fr\/wp-json\/wp\/v2\/users\/2"}],"replies":[{"embeddable":true,"href":"https:\/\/www.europesays.com\/fr\/wp-json\/wp\/v2\/comments?post=575157"}],"version-history":[{"count":0,"href":"https:\/\/www.europesays.com\/fr\/wp-json\/wp\/v2\/posts\/575157\/revisions"}],"wp:featuredmedia":[{"embeddable":true,"href":"https:\/\/www.europesays.com\/fr\/wp-json\/wp\/v2\/media\/575158"}],"wp:attachment":[{"href":"https:\/\/www.europesays.com\/fr\/wp-json\/wp\/v2\/media?parent=575157"}],"wp:term":[{"taxonomy":"category","embeddable":true,"href":"https:\/\/www.europesays.com\/fr\/wp-json\/wp\/v2\/categories?post=575157"},{"taxonomy":"post_tag","embeddable":true,"href":"https:\/\/www.europesays.com\/fr\/wp-json\/wp\/v2\/tags?post=575157"}],"curies":[{"name":"wp","href":"https:\/\/api.w.org\/{rel}","templated":true}]}}