{"id":575167,"date":"2025-12-03T10:38:12","date_gmt":"2025-12-03T10:38:12","guid":{"rendered":"https:\/\/www.europesays.com\/fr\/575167\/"},"modified":"2025-12-03T10:38:12","modified_gmt":"2025-12-03T10:38:12","slug":"royaume-uni-starmer-prevoit-de-se-rendre-en-chine-a-la-fin-du-mois-de-janvier","status":"publish","type":"post","link":"https:\/\/www.europesays.com\/fr\/575167\/","title":{"rendered":"Royaume-Uni: Starmer pr\u00e9voit de se rendre en Chine \u00e0 la fin du mois de janvier"},"content":{"rendered":"<p>PEKIN, 3 d\u00e9cembre (Reuters) &#8211; Le gouvernement britannique a propos\u00e9 que le Premier ministre Keir Starmer se rende \u00e0 P\u00e9kin et \u00e0 Shanghai du 29 au 31 janvier, selon deux sources au fait du projet.<\/p>\n<p>\n              Le voyage pourrait \u00eatre report\u00e9 si P\u00e9kin d\u00e9cide que l&rsquo;absence de progr\u00e8s dans l&rsquo;approbation du projet controvers\u00e9 de la Chine de construire ce qui serait la plus grande ambassade d&rsquo;Europe \u00e0 Londres repr\u00e9sente un revers politique trop important pour que les dirigeants se rencontrent.<\/p>\n<p>\n              Une d\u00e9cision pourrait \u00eatre prise d&rsquo;ici la fin de la semaine, a ajout\u00e9 une source.<\/p>\n<p>\n              L&rsquo;ambassade britannique \u00e0 P\u00e9kin et le minist\u00e8re chinois des Affaires \u00e9trang\u00e8res n&rsquo;ont pas r\u00e9pondu dans l&rsquo;imm\u00e9diat aux demandes de commentaires.<\/p>\n<p>\n              La Grande-Bretagne a report\u00e9 mardi pour la troisi\u00e8me fois la d\u00e9cision concernant la nouvelle ambassade chinoise et doit maintenant d\u00e9cider d&rsquo;ici le 20 janvier si le projet peut aller de l&rsquo;avant.<\/p>\n<p>\n              Keir Starmer a accus\u00e9 le pr\u00e9c\u00e9dent gouvernement conservateur britannique d&rsquo;avoir supervis\u00e9 la d\u00e9t\u00e9rioration des relations avec la Chine, ce qu&rsquo;il a qualifi\u00e9 de \u00ab\u00a0manquement au devoir\u00a0\u00bb.<\/p>\n<p>\n              Lors d&rsquo;un discours lundi, il a soulign\u00e9 que depuis 2018, le pr\u00e9sident fran\u00e7ais Emmanuel Macron s&rsquo;\u00e9tait rendu deux fois en Chine et les dirigeants allemands quatre fois, mais que le dernier dirigeant britannique \u00e0 l&rsquo;avoir fait \u00e9tait l&rsquo;ancienne Premi\u00e8re ministre Theresa May en 2018.<\/p>\n<p>\n              Le projet de la Chine de construire une nouvelle ambassade sur le site d&rsquo;un b\u00e2timent vieux de deux si\u00e8cles pr\u00e8s de la Tour de Londres est bloqu\u00e9 depuis trois ans en raison de l&rsquo;opposition des r\u00e9sidents locaux, des parlementaires et des militants pro-d\u00e9mocratie de Hong Kong en Grande-Bretagne.<\/p>\n<p>\n              Les craintes que la nouvelle ambassade puisse servir de base \u00e0 des activit\u00e9s d&rsquo;espionnage ont incit\u00e9 les responsables politiques britanniques et am\u00e9ricains \u00e0 exhorter le gouvernement \u00e0 bloquer le projet de P\u00e9kin.<\/p>\n<p>\n               (Reportage Joe Cash, Mara V\u00eelcu pour la version fran\u00e7aise, \u00e9dit\u00e9 par Blandine H\u00e9nault)<\/p>\n<p>\n            par Joe Cash<\/p>\n","protected":false},"excerpt":{"rendered":"PEKIN, 3 d\u00e9cembre (Reuters) &#8211; Le gouvernement britannique a propos\u00e9 que le Premier ministre Keir Starmer se rende&hellip;\n","protected":false},"author":2,"featured_media":575168,"comment_status":"","ping_status":"","sticky":false,"template":"","format":"standard","meta":{"footnotes":""},"categories":[1588],"tags":[11,340,1777,674,12,473,1853,1851,1850,1852],"class_list":{"0":"post-575167","1":"post","2":"type-post","3":"status-publish","4":"format-standard","5":"has-post-thumbnail","7":"category-royaume-uni","8":"tag-actualites","9":"tag-bourse","10":"tag-eu","11":"tag-europe","12":"tag-news","13":"tag-royaume-uni","14":"tag-royaume-uni-de-grande-bretagne-et-dirlande-du-nord","15":"tag-uk","16":"tag-united-kingdom","17":"tag-united-kingdom-of-great-britain-and-northern-ireland"},"share_on_mastodon":{"url":"https:\/\/pubeurope.com\/@fr\/115655206795338958","error":""},"_links":{"self":[{"href":"https:\/\/www.europesays.com\/fr\/wp-json\/wp\/v2\/posts\/575167","targetHints":{"allow":["GET"]}}],"collection":[{"href":"https:\/\/www.europesays.com\/fr\/wp-json\/wp\/v2\/posts"}],"about":[{"href":"https:\/\/www.europesays.com\/fr\/wp-json\/wp\/v2\/types\/post"}],"author":[{"embeddable":true,"href":"https:\/\/www.europesays.com\/fr\/wp-json\/wp\/v2\/users\/2"}],"replies":[{"embeddable":true,"href":"https:\/\/www.europesays.com\/fr\/wp-json\/wp\/v2\/comments?post=575167"}],"version-history":[{"count":0,"href":"https:\/\/www.europesays.com\/fr\/wp-json\/wp\/v2\/posts\/575167\/revisions"}],"wp:featuredmedia":[{"embeddable":true,"href":"https:\/\/www.europesays.com\/fr\/wp-json\/wp\/v2\/media\/575168"}],"wp:attachment":[{"href":"https:\/\/www.europesays.com\/fr\/wp-json\/wp\/v2\/media?parent=575167"}],"wp:term":[{"taxonomy":"category","embeddable":true,"href":"https:\/\/www.europesays.com\/fr\/wp-json\/wp\/v2\/categories?post=575167"},{"taxonomy":"post_tag","embeddable":true,"href":"https:\/\/www.europesays.com\/fr\/wp-json\/wp\/v2\/tags?post=575167"}],"curies":[{"name":"wp","href":"https:\/\/api.w.org\/{rel}","templated":true}]}}