{"id":575169,"date":"2025-12-03T10:39:13","date_gmt":"2025-12-03T10:39:13","guid":{"rendered":"https:\/\/www.europesays.com\/fr\/575169\/"},"modified":"2025-12-03T10:39:13","modified_gmt":"2025-12-03T10:39:13","slug":"les-immatriculations-de-voitures-neuves-en-allemagne-devraient-legerement-augmenter-en-2026-selon-le-vdik","status":"publish","type":"post","link":"https:\/\/www.europesays.com\/fr\/575169\/","title":{"rendered":"Les immatriculations de voitures neuves en Allemagne devraient l\u00e9g\u00e8rement augmenter en 2026, selon le VDIK"},"content":{"rendered":"<p>L&rsquo;association allemande VDIK, qui regroupe les constructeurs automobiles internationaux, pr\u00e9voit une l\u00e9g\u00e8re hausse des immatriculations de voitures neuves l&rsquo;ann\u00e9e prochaine, pour atteindre environ 2,9 millions de v\u00e9hicules, \u00e0 condition que le gouvernement de Berlin maintienne le soutien pr\u00e9vu en faveur des v\u00e9hicules \u00e9lectriques.<\/p>\n<p>Ce chiffre repr\u00e9senterait une progression par rapport aux 2,83 millions d&rsquo;immatriculations de v\u00e9hicules neufs attendues cette ann\u00e9e en Allemagne, premi\u00e8re \u00e9conomie d&rsquo;Europe, a indiqu\u00e9 le VDIK ce mercredi.<\/p>\n<p>\u00ab Notre pr\u00e9vision repose sur l&rsquo;hypoth\u00e8se que le soutien annonc\u00e9 par le gouvernement en faveur des clients priv\u00e9s de voitures \u00e9lectriques sera appliqu\u00e9 r\u00e9troactivement au d\u00e9but de 2026 et que des prix de l&rsquo;\u00e9lectricit\u00e9 comp\u00e9titifs et transparents seront instaur\u00e9s gr\u00e2ce \u00e0 une infrastructure compl\u00e8te \u00bb, a d\u00e9clar\u00e9 Imelda Labbe, pr\u00e9sidente du VDIK.<\/p>\n<p>Si tel n&rsquo;est pas le cas et que des retards surviennent, les acheteurs potentiels pourraient reporter leurs achats de v\u00e9hicules \u00e9lectriques, retardant ainsi toute reprise du march\u00e9, a ajout\u00e9 le VDIK, qui repr\u00e9sente des constructeurs internationaux tels que Toyota et Renault.<\/p>\n<p>(Reportage d&rsquo;Ilona Wissenbach, r\u00e9daction de Madeline Chambers, \u00e9dition de Miranda Murray)<\/p>\n","protected":false},"excerpt":{"rendered":"L&rsquo;association allemande VDIK, qui regroupe les constructeurs automobiles internationaux, pr\u00e9voit une l\u00e9g\u00e8re hausse des immatriculations de voitures neuves&hellip;\n","protected":false},"author":2,"featured_media":575170,"comment_status":"","ping_status":"","sticky":false,"template":"","format":"standard","meta":{"footnotes":""},"categories":[1587],"tags":[11,672,340,1804,1805,1803,1777,674,1801,12,1802],"class_list":{"0":"post-575169","1":"post","2":"type-post","3":"status-publish","4":"format-standard","5":"has-post-thumbnail","7":"category-allemagne","8":"tag-actualites","9":"tag-allemagne","10":"tag-bourse","11":"tag-bundesrepublik-deutschland","12":"tag-de","13":"tag-deutschland","14":"tag-eu","15":"tag-europe","16":"tag-germany","17":"tag-news","18":"tag-republique-federale-dallemagne"},"share_on_mastodon":{"url":"https:\/\/pubeurope.com\/@fr\/115655210746267580","error":""},"_links":{"self":[{"href":"https:\/\/www.europesays.com\/fr\/wp-json\/wp\/v2\/posts\/575169","targetHints":{"allow":["GET"]}}],"collection":[{"href":"https:\/\/www.europesays.com\/fr\/wp-json\/wp\/v2\/posts"}],"about":[{"href":"https:\/\/www.europesays.com\/fr\/wp-json\/wp\/v2\/types\/post"}],"author":[{"embeddable":true,"href":"https:\/\/www.europesays.com\/fr\/wp-json\/wp\/v2\/users\/2"}],"replies":[{"embeddable":true,"href":"https:\/\/www.europesays.com\/fr\/wp-json\/wp\/v2\/comments?post=575169"}],"version-history":[{"count":0,"href":"https:\/\/www.europesays.com\/fr\/wp-json\/wp\/v2\/posts\/575169\/revisions"}],"wp:featuredmedia":[{"embeddable":true,"href":"https:\/\/www.europesays.com\/fr\/wp-json\/wp\/v2\/media\/575170"}],"wp:attachment":[{"href":"https:\/\/www.europesays.com\/fr\/wp-json\/wp\/v2\/media?parent=575169"}],"wp:term":[{"taxonomy":"category","embeddable":true,"href":"https:\/\/www.europesays.com\/fr\/wp-json\/wp\/v2\/categories?post=575169"},{"taxonomy":"post_tag","embeddable":true,"href":"https:\/\/www.europesays.com\/fr\/wp-json\/wp\/v2\/tags?post=575169"}],"curies":[{"name":"wp","href":"https:\/\/api.w.org\/{rel}","templated":true}]}}