{"id":575171,"date":"2025-12-03T10:40:25","date_gmt":"2025-12-03T10:40:25","guid":{"rendered":"https:\/\/www.europesays.com\/fr\/575171\/"},"modified":"2025-12-03T10:40:25","modified_gmt":"2025-12-03T10:40:25","slug":"clia-europe-met-en-garde-contre-une-fiscalite-cumulative","status":"publish","type":"post","link":"https:\/\/www.europesays.com\/fr\/575171\/","title":{"rendered":"CLIA Europe met en garde contre une fiscalit\u00e9 cumulative"},"content":{"rendered":"<p>\t\t\t\t\t La CLIA insiste sur la n\u00e9cessit\u00e9 d\u2019une mesure \u00ab \u00e9quitable, fond\u00e9e sur des donn\u00e9es probantes et coh\u00e9rente entre les types de navires \u00bb. Elle rappelle que les croisi\u00e8res ne repr\u00e9sentent \u00ab qu\u2019une petite partie du trafic maritime \u00bb, tout en g\u00e9n\u00e9rant \u00ab 7 milliards d\u2019euros d\u2019impact \u00e9conomique en France, 39 000 emplois et 3,2 milliards de PIB \u00bb. <\/p>\n<p>L\u2019association se dit pr\u00eate \u00e0 poursuivre un \u00ab dialogue constructif \u00bb pour parvenir \u00e0 \u00ab un cadre \u00e9quilibr\u00e9 qui prot\u00e8ge l\u2019environnement, soutient les \u00e9conomies locales et maintienne la comp\u00e9titivit\u00e9 de la destination France \u00bb.  &#13;\t\t\t\t\t <\/p>\n<p>Sur LinkedIn, <a class=\"liens\" href=\"https:\/\/www.linkedin.com\/in\/fanny-pointet\/\" target=\"_blank\" rel=\"noopener\">Fanny Pointet<\/a>, Sustainable Shipping Manager France pour Transport &amp; Environment, salue, de son c\u00f4t\u00e9, un vote \u00ab in\u00e9dit \u00bb, soulignant que <b>droite et gauche convergent pour la premi\u00e8re fois sur une taxation des croisi\u00e8res. <\/b>&#13;\t\t\t\t\t <\/p>\n<p>Selon elle, si la mesure est confirm\u00e9e, la France deviendrait \u00ab le premier pays europ\u00e9en \u00e0 taxer les billets de croisi\u00e8re \u00e0 un tel niveau et de mani\u00e8re uniforme \u00bb, avec un rendement estim\u00e9 \u00e0 60 M\u20ac par an.\n\t\t\t\t <\/p>\n","protected":false},"excerpt":{"rendered":"La CLIA insiste sur la n\u00e9cessit\u00e9 d\u2019une mesure \u00ab \u00e9quitable, fond\u00e9e sur des donn\u00e9es probantes et coh\u00e9rente entre&hellip;\n","protected":false},"author":2,"featured_media":575172,"comment_status":"","ping_status":"","sticky":false,"template":"","format":"standard","meta":{"footnotes":""},"categories":[1586],"tags":[11,58851,2380,1777,674,1011,27,12,25],"class_list":{"0":"post-575171","1":"post","2":"type-post","3":"status-publish","4":"format-standard","5":"has-post-thumbnail","7":"category-europe","8":"tag-actualites","9":"tag-clia","10":"tag-croisiere","11":"tag-eu","12":"tag-europe","13":"tag-fr","14":"tag-france","15":"tag-news","16":"tag-republique-francaise"},"share_on_mastodon":{"url":"https:\/\/pubeurope.com\/@fr\/115655214752457594","error":""},"_links":{"self":[{"href":"https:\/\/www.europesays.com\/fr\/wp-json\/wp\/v2\/posts\/575171","targetHints":{"allow":["GET"]}}],"collection":[{"href":"https:\/\/www.europesays.com\/fr\/wp-json\/wp\/v2\/posts"}],"about":[{"href":"https:\/\/www.europesays.com\/fr\/wp-json\/wp\/v2\/types\/post"}],"author":[{"embeddable":true,"href":"https:\/\/www.europesays.com\/fr\/wp-json\/wp\/v2\/users\/2"}],"replies":[{"embeddable":true,"href":"https:\/\/www.europesays.com\/fr\/wp-json\/wp\/v2\/comments?post=575171"}],"version-history":[{"count":0,"href":"https:\/\/www.europesays.com\/fr\/wp-json\/wp\/v2\/posts\/575171\/revisions"}],"wp:featuredmedia":[{"embeddable":true,"href":"https:\/\/www.europesays.com\/fr\/wp-json\/wp\/v2\/media\/575172"}],"wp:attachment":[{"href":"https:\/\/www.europesays.com\/fr\/wp-json\/wp\/v2\/media?parent=575171"}],"wp:term":[{"taxonomy":"category","embeddable":true,"href":"https:\/\/www.europesays.com\/fr\/wp-json\/wp\/v2\/categories?post=575171"},{"taxonomy":"post_tag","embeddable":true,"href":"https:\/\/www.europesays.com\/fr\/wp-json\/wp\/v2\/tags?post=575171"}],"curies":[{"name":"wp","href":"https:\/\/api.w.org\/{rel}","templated":true}]}}