{"id":575182,"date":"2025-12-03T10:46:17","date_gmt":"2025-12-03T10:46:17","guid":{"rendered":"https:\/\/www.europesays.com\/fr\/575182\/"},"modified":"2025-12-03T10:46:17","modified_gmt":"2025-12-03T10:46:17","slug":"volley-ball-spikeligue-le-meilleur-debut-de-championnat-des-centurions-depuis-2022","status":"publish","type":"post","link":"https:\/\/www.europesays.com\/fr\/575182\/","title":{"rendered":"Volley-ball \u2013 SpikeLigue\u00a0: le meilleur d\u00e9but de championnat des Centurions depuis 2022"},"content":{"rendered":"<p>\n                                                                Il s\u2019agit du plus bel automne des Centurions depuis l\u2019arriv\u00e9e \u00e0 la pr\u00e9sidence de Bastien Anglade. Les r\u00e9sultats sont bons, l\u2019Arena vibre \u00e0 chaque sortie des Narbonnais\u2026 Apr\u00e8s huit matchs, le bilan des Audois s\u2019av\u00e8re tr\u00e8s positif.\n                            <\/p>\n<p>Quatre victoires en huit matchs\u00a0: c\u2019est un d\u00e9part \u00e9gal \u00e0 celui de la saison 2022-2023. Sauf qu\u2019\u00e0 l\u2019\u00e9poque, apr\u00e8s huit journ\u00e9es de championnat, les Centurions Narbonne \u00e9taient gratifi\u00e9s d\u2019un point suppl\u00e9mentaire \u2013 12 contre 11 aujourd\u2019hui \u2013 eu \u00e9gard \u00e0 une d\u00e9faite bonifi\u00e9e (3-2, un point). Bref, voil\u00e0 trois ans que les Audois n\u2019avaient pas si bien commenc\u00e9 leur exercice domestique.<\/p>\n<p>Il s\u2019agit donc de la meilleure performance de l\u2019\u00e8re Bastien Anglade, pr\u00e9sident du club depuis 2023. En 2022, J\u00e9r\u00e9mie Ribourel \u00e9tait encore le patron et \u00e0 l\u2019\u00e9poque, les Centurions, tout r\u00e9cents champions d\u2019Europe (Challenge Cup le 22\u00a0mars 2022), menaient grand train et affichaient clairement leurs ambitions de titre\u2026 Un autre temps\u2026<\/p>\n<p>    Ce mercredi au Plessis-Robin, \u00ab\u00a0l\u2019\u00e9quipe surprise du d\u00e9but de saison\u00a0\u00bb<\/p>\n<p>Le Plessis-Robinson, qui accueille Narbonne ce mercredi soir (20\u00a0h), est le club en forme de ce d\u00e9but de saison. Avec six victoires pour seulement deux d\u00e9faites. Fait \u00e9tonnant \u00e9tant donn\u00e9 que la saison derni\u00e8re, Le Plessis avait termin\u00e9 bon dernier du championnat (il n\u2019y a pas eu de rel\u00e9gation). \u00ab\u00a0C\u2019est l\u2019\u00e9quipe surprise de ce d\u00e9but de saison. Leur r\u00e9ceptionneur-attaquant Canovas r\u00e9alise un excellent parcours\u2026 Il s\u2019agit d\u2019une \u00e9quipe bien \u00e9quilibr\u00e9e. Et leur jeune pointu (20 ans), Wa Bala est bon\u00a0\u00bb, note le manager g\u00e9n\u00e9ral des Centurions Michel Mandrou.<\/p>\n<p>Mais revenons en 2025. Apr\u00e8s deux saisons pass\u00e9es \u00e0 reconstruire, Bastien Anglade voit donc son travail et celui de son \u00e9quipe, notamment du\u00a0manager g\u00e9n\u00e9ral Michel Mandrou, se traduire sportivement.\u00a0\u00ab\u00a0On a de bons r\u00e9sultats. Et ils auraient pu \u00eatre encore meilleurs si on avait pu compter sur notre pointu Michael Czerwin\u0301ski avant (bless\u00e9 avant la premi\u00e8re journ\u00e9e, retour \u00e0 la 7e, Ndlr).\u00a0\u00bb, rel\u00e8ve Michel Mandrou.<\/p>\n<blockquote>\n<p>On a mis plus d\u2019argent sur la table pour le recrutement<\/p>\n<\/blockquote>\n<p>\u00ab\u00a0On savait qu\u2019on avait constitu\u00e9 une \u00e9quipe pour performer. On a mis plus d\u2019argent sur la table pour le recrutement au regard des deux saisons pr\u00e9c\u00e9dentes. M\u00eame si l\u2019investissement financier n\u2019est pas toujours corr\u00e9l\u00e9 \u00e0 ce qui se passe sur le parquet. Avec Mike (Michael Czerwin\u0301ski, Ndlr), on aurait au minimum un succ\u00e8s de plus. Donc on est un peu frustr\u00e9 malgr\u00e9 tout. Disons qu\u2019on a limit\u00e9 la casse.\u00a0\u00bb<\/p>\n<p>Une certitude\u00a0: quasiment toutes les recrues donnent satisfaction. Que ce soit le libero Enzo Lopez, le passeur Viiber, les r\u00e9ceptionneurs-attaquants Willner Rivas et Thibaut Thoral, et donc le pointu\u00a0Michael Czerwin\u0301ski. \u00ab\u00a0Mike, on voulait d\u00e9j\u00e0 le recruter l\u2019an dernier. \u00c7a fait un moment qu\u2019on le suit. Je me suis d\u00e9plac\u00e9 \u00e0 Cisterna en Italie pour le superviser. On l\u2019a sign\u00e9 deux ans et c\u2019\u00e9tait un risque. On se disait qu\u2019il allait surtout performer l\u2019ann\u00e9e prochainement. Finalement, on a constat\u00e9 d\u00e8s le d\u00e9but de la pr\u00e9paration qu\u2019il \u00e9tait \u00e0 un tr\u00e8s bon niveau. Malheureusement, il s\u2019est bless\u00e9 \u00e0 la hanche en amical \u00e0 Toulouse avant le d\u00e9but du championnat\u2026 On esp\u00e8re qu\u2019il continue d\u00e9sormais sur sa lanc\u00e9e.\u00a0\u00bb<\/p>\n<p>Cette saison, Narbonne affiche un niveau au service au-dessus de la moyenne. Ses autres points forts\u00a0: le secteur offensif et la qualit\u00e9 de la r\u00e9ception notamment gr\u00e2ce \u00e0 Thoral et Lopez. Les points faibles\u00a0: le contre, o\u00f9 \u00e9volue la recrue\u00a0Forn\u00e9s (capitaine), Tour\u00e9 et Michel, et la d\u00e9fense.<\/p>\n<blockquote>\n<p>Michael Czerwin\u0301ski est hors norme<\/p>\n<\/blockquote>\n<p>\u00ab\u00a0Avec Thoral, Patte, Rivas et\u00a0Czerwin\u0301ski, on jouit d\u2019une belle force de frappe offensive. Thibaut Thoral est peut-\u00eatre un peu moins spectaculaire que\u00a0Czerwin\u0301ski ou Rivas, mais c\u2019est un joueur de l\u2019ombre, tr\u00e8s bon r\u00e9ceptionneur, un travailleur qui apporte \u00e9norm\u00e9ment. Pour revenir \u00e0\u00a0Michael Czerwin\u0301ski, il est hors norme avec 2\u00a0m 07 pour 106\u00a0kg. Il est tr\u00e8s grand et en m\u00eame temps tr\u00e8s coordonn\u00e9, donc il d\u00e9gage une impression de puissance. Enfin, psychologiquement, c\u2019est un \u00e9l\u00e9ment fort du groupe. Il instille beaucoup de positivit\u00e9. C\u2019est un leader sur le parquet et dans la vie du groupe.\u00a0\u00bb<\/p>\n<p>Cela s\u2019est tr\u00e8s bien vu \u00e0 l\u2019Arena face \u00e0 Poitiers (succ\u00e8s 3 sets \u00e0 1) samedi dernier\u2026<\/p>\n","protected":false},"excerpt":{"rendered":"Il s\u2019agit du plus bel automne des Centurions depuis l\u2019arriv\u00e9e \u00e0 la pr\u00e9sidence de Bastien Anglade. Les r\u00e9sultats&hellip;\n","protected":false},"author":2,"featured_media":575183,"comment_status":"","ping_status":"","sticky":false,"template":"","format":"standard","meta":{"footnotes":""},"categories":[1417],"tags":[4086,1011,27,35514,517,60,1470,1469],"class_list":{"0":"post-575182","1":"post","2":"type-post","3":"status-publish","4":"format-standard","5":"has-post-thumbnail","7":"category-volley","8":"tag-aude","9":"tag-fr","10":"tag-france","11":"tag-narbonne","12":"tag-sport","13":"tag-sports","14":"tag-volley","15":"tag-volleyball"},"share_on_mastodon":{"url":"https:\/\/pubeurope.com\/@fr\/115655238353953618","error":""},"_links":{"self":[{"href":"https:\/\/www.europesays.com\/fr\/wp-json\/wp\/v2\/posts\/575182","targetHints":{"allow":["GET"]}}],"collection":[{"href":"https:\/\/www.europesays.com\/fr\/wp-json\/wp\/v2\/posts"}],"about":[{"href":"https:\/\/www.europesays.com\/fr\/wp-json\/wp\/v2\/types\/post"}],"author":[{"embeddable":true,"href":"https:\/\/www.europesays.com\/fr\/wp-json\/wp\/v2\/users\/2"}],"replies":[{"embeddable":true,"href":"https:\/\/www.europesays.com\/fr\/wp-json\/wp\/v2\/comments?post=575182"}],"version-history":[{"count":0,"href":"https:\/\/www.europesays.com\/fr\/wp-json\/wp\/v2\/posts\/575182\/revisions"}],"wp:featuredmedia":[{"embeddable":true,"href":"https:\/\/www.europesays.com\/fr\/wp-json\/wp\/v2\/media\/575183"}],"wp:attachment":[{"href":"https:\/\/www.europesays.com\/fr\/wp-json\/wp\/v2\/media?parent=575182"}],"wp:term":[{"taxonomy":"category","embeddable":true,"href":"https:\/\/www.europesays.com\/fr\/wp-json\/wp\/v2\/categories?post=575182"},{"taxonomy":"post_tag","embeddable":true,"href":"https:\/\/www.europesays.com\/fr\/wp-json\/wp\/v2\/tags?post=575182"}],"curies":[{"name":"wp","href":"https:\/\/api.w.org\/{rel}","templated":true}]}}