{"id":575188,"date":"2025-12-03T10:52:11","date_gmt":"2025-12-03T10:52:11","guid":{"rendered":"https:\/\/www.europesays.com\/fr\/575188\/"},"modified":"2025-12-03T10:52:11","modified_gmt":"2025-12-03T10:52:11","slug":"tristan-delacroix-va-devenir-directeur-sportif-actualite","status":"publish","type":"post","link":"https:\/\/www.europesays.com\/fr\/575188\/","title":{"rendered":"Tristan Delacroix va devenir directeur sportif &#8211; Actualit\u00e9"},"content":{"rendered":"<p style=\"text-align: justify;\"><strong>Le temps est venu de passer de l\u2019autre c\u00f4t\u00e9 pour <strong><a href=\"https:\/\/www.directvelo.com\/coureur\/7845\/tristan-delacroix\" target=\"_blank\" rel=\"noopener\">Tristan Delacroix<\/a><\/strong>. Actuel coureur de l\u2019AVC Aix-en-Provence Dole, le Varois a d\u00e9cid\u00e9 d\u2019arr\u00eater la comp\u00e9tition \u00e0 haut niveau sur la route et va devenir directeur sportif, toujours au sein de la Conti F\u00e9d\u00e9rale aixoise, r\u00e9v\u00e8lent nos confr\u00e8res de <strong><a href=\"https:\/\/www.laprovence.com\/article\/sports\/2430619820372414\/cyclisme-tristan-delacroix-arrete-sa-carriere-de-coureur-et-devient-directeur-sportif-a-lavc-aix\" target=\"_blank\" rel=\"noopener\">La Provence<\/a><\/strong>.<br \/>Titulaire d\u2019une licence en STAPS, l\u2019athl\u00e8te de 31 ans envisageait cette reconversion depuis d\u00e9j\u00e0 de longs mois. Il pr\u00e9cise au quotidien proven\u00e7al qu\u2019il ne compte pas arr\u00eater totalement la comp\u00e9tition et souhaite disputer encore une ou deux saisons de cyclo-cross. En revanche, il ne devrait plus disputer\u00a0grand nombre de courses sur route. <br \/>Pour rappel, Tristan Delacroix a pass\u00e9 deux saisons chez les professionnels, du c\u00f4t\u00e9 de la Conti Nice M\u00e9tropole C\u00f4te d\u2019Azur, en 2022 et 2023. Il avait alors d\u00e9croch\u00e9 plusieurs Top 15 : \u00e0 Cholet-Pays de la Loire mais aussi sur des \u00e9tapes des 4 Jours de Dunkerque, de la Route d\u2019Occitanie et du Tour Poitou-Charentes. Cette saison, chez les \u00c9lites, <strong><a href=\"https:\/\/www.directvelo.com\/epreuve\/46002\/circuit-de-saone-et-loire-2025\" target=\"_blank\" rel=\"noopener\">il a remport\u00e9 le Circuit de Sa\u00f4ne-et-Loire<\/a><\/strong>, au mois de mai dernier.\u00a0<\/strong><\/p>\n","protected":false},"excerpt":{"rendered":"Le temps est venu de passer de l\u2019autre c\u00f4t\u00e9 pour Tristan Delacroix. Actuel coureur de l\u2019AVC Aix-en-Provence Dole,&hellip;\n","protected":false},"author":2,"featured_media":575189,"comment_status":"","ping_status":"","sticky":false,"template":"","format":"standard","meta":{"footnotes":""},"categories":[1411],"tags":[834,828,836,829,837,827,83,826,824,823,1154,207,814,817,815,816,822,821,832,211,839,1011,27,820,818,819,835,831,830,833,838,60,212,208,825],"class_list":{"0":"post-575188","1":"post","2":"type-post","3":"status-publish","4":"format-standard","5":"has-post-thumbnail","7":"category-cyclisme","8":"tag-attaque","9":"tag-belgique","10":"tag-braquet","11":"tag-bretagne","12":"tag-chute","13":"tag-competition","14":"tag-coupe-de-france","15":"tag-coureur","16":"tag-course-cyclisme","17":"tag-course-cycliste","18":"tag-cycling","19":"tag-cyclisme","20":"tag-direct","21":"tag-direct-velo","22":"tag-directvelo","23":"tag-directvelo-com","24":"tag-epreuve","25":"tag-epreuve-cycliste","26":"tag-federation-francaise-de-cyclisme","27":"tag-ffc","28":"tag-flandres","29":"tag-fr","30":"tag-france","31":"tag-live","32":"tag-live-course","33":"tag-live-epreuve","34":"tag-peloton","35":"tag-radio-peloton","36":"tag-radio-tour","37":"tag-ravitaillement","38":"tag-relance","39":"tag-sports","40":"tag-uci","41":"tag-velo","42":"tag-velos"},"share_on_mastodon":{"url":"https:\/\/pubeurope.com\/@fr\/115655261855529596","error":""},"_links":{"self":[{"href":"https:\/\/www.europesays.com\/fr\/wp-json\/wp\/v2\/posts\/575188","targetHints":{"allow":["GET"]}}],"collection":[{"href":"https:\/\/www.europesays.com\/fr\/wp-json\/wp\/v2\/posts"}],"about":[{"href":"https:\/\/www.europesays.com\/fr\/wp-json\/wp\/v2\/types\/post"}],"author":[{"embeddable":true,"href":"https:\/\/www.europesays.com\/fr\/wp-json\/wp\/v2\/users\/2"}],"replies":[{"embeddable":true,"href":"https:\/\/www.europesays.com\/fr\/wp-json\/wp\/v2\/comments?post=575188"}],"version-history":[{"count":0,"href":"https:\/\/www.europesays.com\/fr\/wp-json\/wp\/v2\/posts\/575188\/revisions"}],"wp:featuredmedia":[{"embeddable":true,"href":"https:\/\/www.europesays.com\/fr\/wp-json\/wp\/v2\/media\/575189"}],"wp:attachment":[{"href":"https:\/\/www.europesays.com\/fr\/wp-json\/wp\/v2\/media?parent=575188"}],"wp:term":[{"taxonomy":"category","embeddable":true,"href":"https:\/\/www.europesays.com\/fr\/wp-json\/wp\/v2\/categories?post=575188"},{"taxonomy":"post_tag","embeddable":true,"href":"https:\/\/www.europesays.com\/fr\/wp-json\/wp\/v2\/tags?post=575188"}],"curies":[{"name":"wp","href":"https:\/\/api.w.org\/{rel}","templated":true}]}}