{"id":575190,"date":"2025-12-03T10:53:14","date_gmt":"2025-12-03T10:53:14","guid":{"rendered":"https:\/\/www.europesays.com\/fr\/575190\/"},"modified":"2025-12-03T10:53:14","modified_gmt":"2025-12-03T10:53:14","slug":"luis-enrique-prepare-un-gros-coup-au-psg-il-balance-en-direct","status":"publish","type":"post","link":"https:\/\/www.europesays.com\/fr\/575190\/","title":{"rendered":"Luis Enrique pr\u00e9pare un gros coup au PSG, il balance en direct !"},"content":{"rendered":"<p class=\"heading\">La saison derni\u00e8re, le Paris Saint-Germain a impressionn\u00e9 tout le monde, raflant quasiment tous les titres \u00e0 sa port\u00e9e. Mais \u00e7a se passe vachement moins bien cette ann\u00e9e, puisque Luis Enrique doit faire face \u00e0 une h\u00e9catombe de blessures et son \u00e9quipe ne livre pas des grandes performances. <\/p>\n<p>Que se passe-t-il \u00e0 Paris ? Certains disent que la derni\u00e8re saison \u00e0 rallonge a un impact d\u00e9vastateur sur l\u2019effectif du <strong>PSG<\/strong>, notamment avec un <strong>Ousmane Demb\u00e9l\u00e9<\/strong> qui peine \u00e0 retrouver son niveau. Et la derni\u00e8re d\u00e9faite en <strong>Ligue 1<\/strong> face \u00e0 l\u2019<strong>AS Monaco<\/strong> (1-0), a \u00e9videmment relanc\u00e9 les d\u00e9bats. <\/p>\n<p>                                            La Ligue 1 trop petite pour le PSG ? <\/p>\n<p>Les hommes de <strong>Luis Enrique<\/strong> se sont en effet pris les pieds dans le tapis et semblent beaucoup plus fragiles qu\u2019auparavant, m\u00eame si on prend en compte les nombreuses blessures. Reste \u00e0 voir si le <strong>PSG <\/strong>saura relever la t\u00eate d\u00e8s ce week-end, avec la r\u00e9ception d\u2019un <strong>Stade Rennais<\/strong> qui est l\u2019une des \u00e9quipes du moment en <strong>Ligue 1<\/strong>. <\/p>\n<p>                                            \u00ab Ils ne pensent qu&rsquo;\u00e0 une chose, faire le doubl\u00e9 en Champions League \u00bb <\/p>\n<p>Mais selon <strong>Manu Petit<\/strong> cette m\u00e9forme du <strong>PSG <\/strong>s\u2019expliquerait surtout par un d\u00e9sint\u00e9r\u00eat total pour la<strong> Ligue 1<\/strong>, avec le doubl\u00e9 en <strong>Ligue des Champions<\/strong> qui semble \u00eatre la grande priorit\u00e9. \u00ab Le PSG ? Ils ne pensent qu&rsquo;\u00e0 une chose, faire le doubl\u00e9 en Champions League, et \u00e7a ne se d\u00e9cide pas maintenant \u00bb a expliqu\u00e9 l\u2019ancien international fran\u00e7ais, sur RMC. <\/p>\n","protected":false},"excerpt":{"rendered":"La saison derni\u00e8re, le Paris Saint-Germain a impressionn\u00e9 tout le monde, raflant quasiment tous les titres \u00e0 sa&hellip;\n","protected":false},"author":2,"featured_media":575191,"comment_status":"","ping_status":"","sticky":false,"template":"","format":"standard","meta":{"footnotes":""},"categories":[1410],"tags":[63,1011,27,60],"class_list":{"0":"post-575190","1":"post","2":"type-post","3":"status-publish","4":"format-standard","5":"has-post-thumbnail","7":"category-football","8":"tag-football","9":"tag-fr","10":"tag-france","11":"tag-sports"},"share_on_mastodon":{"url":"https:\/\/pubeurope.com\/@fr\/115655265784846387","error":""},"_links":{"self":[{"href":"https:\/\/www.europesays.com\/fr\/wp-json\/wp\/v2\/posts\/575190","targetHints":{"allow":["GET"]}}],"collection":[{"href":"https:\/\/www.europesays.com\/fr\/wp-json\/wp\/v2\/posts"}],"about":[{"href":"https:\/\/www.europesays.com\/fr\/wp-json\/wp\/v2\/types\/post"}],"author":[{"embeddable":true,"href":"https:\/\/www.europesays.com\/fr\/wp-json\/wp\/v2\/users\/2"}],"replies":[{"embeddable":true,"href":"https:\/\/www.europesays.com\/fr\/wp-json\/wp\/v2\/comments?post=575190"}],"version-history":[{"count":0,"href":"https:\/\/www.europesays.com\/fr\/wp-json\/wp\/v2\/posts\/575190\/revisions"}],"wp:featuredmedia":[{"embeddable":true,"href":"https:\/\/www.europesays.com\/fr\/wp-json\/wp\/v2\/media\/575191"}],"wp:attachment":[{"href":"https:\/\/www.europesays.com\/fr\/wp-json\/wp\/v2\/media?parent=575190"}],"wp:term":[{"taxonomy":"category","embeddable":true,"href":"https:\/\/www.europesays.com\/fr\/wp-json\/wp\/v2\/categories?post=575190"},{"taxonomy":"post_tag","embeddable":true,"href":"https:\/\/www.europesays.com\/fr\/wp-json\/wp\/v2\/tags?post=575190"}],"curies":[{"name":"wp","href":"https:\/\/api.w.org\/{rel}","templated":true}]}}