{"id":575200,"date":"2025-12-03T10:59:25","date_gmt":"2025-12-03T10:59:25","guid":{"rendered":"https:\/\/www.europesays.com\/fr\/575200\/"},"modified":"2025-12-03T10:59:25","modified_gmt":"2025-12-03T10:59:25","slug":"le-temple-des-morts-soffre-une-bande-annonce-mortelle","status":"publish","type":"post","link":"https:\/\/www.europesays.com\/fr\/575200\/","title":{"rendered":"Le temple des morts s&rsquo;offre une bande-annonce mortelle"},"content":{"rendered":"<p>Six mois entre deux films, la saga 28 jours plus tard\u00a0ne fait pas les choses \u00e0 moiti\u00e9. S\u2019il a fallu attendre 18 ans entre 28 semaines plus tard et la nouvelle fourn\u00e9e dans l\u2019univers imagin\u00e9 par Alex Garland et Danny Boyle, Sony Pictures a maintenant l\u2019intention d\u2019inonder les salles obscures \u00e0 intervalles r\u00e9guliers. D\u00e8s le mois de janvier, c\u2019est avec Le Temple des morts que les amateurs de zombies ont rendez-vous. Ce nouveau projet n\u2019est pas tout \u00e0 fait entre les mains de Garland et Danny Boyle puisque Nia DaCosta se charge de la mise en sc\u00e8ne. La r\u00e9alisatrice n\u2019en est pas \u00e0 sa premi\u00e8re incursion dans l\u2019horreur puisque c\u2019est \u00e0 elle que Candyman doit sa derni\u00e8re aventure au cin\u00e9ma. Elle a aussi sign\u00e9 <a href=\"https:\/\/www.journaldugeek.com\/critique\/critique-the-marvels-le-mcu-toujours-plus-haut-toujours-plus-vite-%f0%9f%8c%a0\/\" target=\"_blank\" rel=\"false noopener\">The Marvels<\/a> chez\u2026 Marvel.<\/p>\n<p>Ici, elle poursuit l\u2019aventure d\u00e9but\u00e9e avec <a href=\"https:\/\/www.journaldugeek.com\/critique\/critique-28-ans-plus-tard-la-franchise-horrifique-signe-un-retour-affecte\/\" target=\"_blank\" rel=\"noopener\">28 ans plus tard<\/a> et s\u2019offre une occasion d\u2019approfondir le parcours du personnage camp\u00e9 par Raph Fiennes. Il s\u2019agira d\u2019en raconter plus sur le myst\u00e9rieux et effrayant Dr Kelson. Cet ancien m\u00e9decin devenu un gardien de la mort avec son temple et son obsession pour la m\u00e9moire des victimes de la <strong>\u201crage\u201d<\/strong>. Cette figure ambigu\u00eb ajoutait au pr\u00e9c\u00e9dent film une nouvelle couleur, questionnant ce qu\u2019il reste de l\u2019humanit\u00e9 lorsque les vivants deviennent moins nombreux que les morts. On le retrouve ici apr\u00e8s les \u00e9v\u00e9nements du premier film alors qu\u2019il noue une relation \u201caussi troublante qu\u2019inattendue dont les r\u00e9percussions sont susceptibles de bouleverser le monde\u201d. On aper\u00e7oit une cr\u00e9ature \u00e9trange qui semble captiver l\u2019ancien docteur. Serait-il sur le point de trouver un rem\u00e8de\u00a0?<\/p>\n<p>    <a href=\"https:\/\/www.youtube.com\/user\/JournalduGeek?sub_confirmation=1\" target=\"_blank\" rel=\"nofollow noopener\"><br \/>\n        S&rsquo;abonner \u00e0 Journal du Geek<br \/>\n    <\/a> <\/p>\n<p>Le jeune Spike aussi sera \u00e0 l\u2019\u00e9picentre de l\u2019histoire. Il s\u2019agira de mettre en sc\u00e8ne sa rencontre avec Jimmy Crystal. Cette interaction est pr\u00e9sent\u00e9e dans la bande-annonce, on retrouve Jack O\u2019Connell dans la peau du leader du groupe. Le film devrait ainsi faire \u00e9voluer Spike et Kelson en miroir, permettre \u00e0 ce qui doit \u00eatre une trilogie d\u2019avancer vers sa conclusion. Pour la premi\u00e8re fois depuis le film de Danny Boyle, 28 jours plus tard peut se permettre de penser plus large et d\u2019installer des \u00e9l\u00e9ments qui seront d\u00e9velopp\u00e9s dans le troisi\u00e8me et dernier film. Reste \u00e0 voir maintenant si ce nouveau format lui sera b\u00e9n\u00e9fique.<\/p>\n<p> Enfin Cillian Murphy\u00a0? <\/p>\n<p>C\u2019est la question qui occupe tous les fans du premier film, Cillian Murphy va-t-il enfin reprendre du service dans la peau de Jim\u00a0? Si Danny Boyle a promis un retour de son h\u00e9ros originel, le r\u00e9alisateur cultive toujours le myst\u00e8re quant \u00e0 sa r\u00e9apparition. Cette bande-annonce n\u2019en dit pas plus sur le sujet, ayant d\u00e9j\u00e0 beaucoup \u00e0 faire pour pr\u00e9senter l\u2019histoire qui sera d\u00e9roul\u00e9e devant la cam\u00e9ra de Nia DaCosta. On peut tout de m\u00eame imaginer qu\u2019il passe une t\u00eate dans ce deuxi\u00e8me film, ne serait-ce que pour faire monter la pression avant le troisi\u00e8me. Pour l\u2019heure, <strong>28 ans plus tard 3<\/strong> (titre non officiel), n\u2019a pas de date de sortie. Danny Boyle s\u2019est content\u00e9 de promettre un prompt retour de son univers au cin\u00e9ma. La prochaine \u00e9tape reste donc Le Temple des Morts, le <strong>14 janvier au cin\u00e9ma<\/strong> en France.<\/p>\n<blockquote>\n<p class=\"text-base text-neutral-700 dark:text-neutral-300\">\ud83d\udfe3 Pour ne manquer aucune news sur le Journal du Geek, abonnez-vous sur <a href=\"https:\/\/news.google.com\/publications\/CAAqBwgKMNr_hAswwYyCAw?hl=fr&amp;gl=FR&amp;ceid=FR%3Afr\" target=\"_blank\" rel=\"noopener\">Google Actualit\u00e9s<\/a> et sur <a href=\"https:\/\/whatsapp.com\/channel\/0029VaClM5y4tRry12tb7D2h\" target=\"_blank\" rel=\"noopener\">notre WhatsApp<\/a>. Et si vous nous adorez, on a <a href=\"https:\/\/www.journaldugeek.com\/newsletter\/\" target=\"_blank\" rel=\"noopener\">une newsletter tous les matins<\/a>.<\/p>\n<\/blockquote>\n","protected":false},"excerpt":{"rendered":"Six mois entre deux films, la saga 28 jours plus tard\u00a0ne fait pas les choses \u00e0 moiti\u00e9. S\u2019il&hellip;\n","protected":false},"author":2,"featured_media":575201,"comment_status":"","ping_status":"","sticky":false,"template":"","format":"standard","meta":{"footnotes":""},"categories":[1354],"tags":[32132,58,59,1346,1011,27,1408,1360,16750],"class_list":{"0":"post-575200","1":"post","2":"type-post","3":"status-publish","4":"format-standard","5":"has-post-thumbnail","7":"category-films","8":"tag-28-ans-plus-tard","9":"tag-divertissement","10":"tag-entertainment","11":"tag-films","12":"tag-fr","13":"tag-france","14":"tag-horreur","15":"tag-movies","16":"tag-zombies"},"share_on_mastodon":{"url":"","error":""},"_links":{"self":[{"href":"https:\/\/www.europesays.com\/fr\/wp-json\/wp\/v2\/posts\/575200","targetHints":{"allow":["GET"]}}],"collection":[{"href":"https:\/\/www.europesays.com\/fr\/wp-json\/wp\/v2\/posts"}],"about":[{"href":"https:\/\/www.europesays.com\/fr\/wp-json\/wp\/v2\/types\/post"}],"author":[{"embeddable":true,"href":"https:\/\/www.europesays.com\/fr\/wp-json\/wp\/v2\/users\/2"}],"replies":[{"embeddable":true,"href":"https:\/\/www.europesays.com\/fr\/wp-json\/wp\/v2\/comments?post=575200"}],"version-history":[{"count":0,"href":"https:\/\/www.europesays.com\/fr\/wp-json\/wp\/v2\/posts\/575200\/revisions"}],"wp:featuredmedia":[{"embeddable":true,"href":"https:\/\/www.europesays.com\/fr\/wp-json\/wp\/v2\/media\/575201"}],"wp:attachment":[{"href":"https:\/\/www.europesays.com\/fr\/wp-json\/wp\/v2\/media?parent=575200"}],"wp:term":[{"taxonomy":"category","embeddable":true,"href":"https:\/\/www.europesays.com\/fr\/wp-json\/wp\/v2\/categories?post=575200"},{"taxonomy":"post_tag","embeddable":true,"href":"https:\/\/www.europesays.com\/fr\/wp-json\/wp\/v2\/tags?post=575200"}],"curies":[{"name":"wp","href":"https:\/\/api.w.org\/{rel}","templated":true}]}}