{"id":575218,"date":"2025-12-03T11:10:16","date_gmt":"2025-12-03T11:10:16","guid":{"rendered":"https:\/\/www.europesays.com\/fr\/575218\/"},"modified":"2025-12-03T11:10:16","modified_gmt":"2025-12-03T11:10:16","slug":"saint-etienne-controle-par-la-police-il-roule-sans-assurance-et-sans-permis-de-conduire","status":"publish","type":"post","link":"https:\/\/www.europesays.com\/fr\/575218\/","title":{"rendered":"Saint-Etienne. Contr\u00f4l\u00e9 par la police, il roule sans assurance et sans permis de conduire"},"content":{"rendered":"<p>Les forces de police ont r\u00e9alis\u00e9 des contr\u00f4les dans le quartier de la Richelandi\u00e8re, \u00e0 Saint-Etienne, dans la soir\u00e9e du dimanche 30\u00a0novembre. Ainsi, peu apr\u00e8s 23 heures, un \u00e9quipage de la Section d\u2019intervention d\u00e9cide de soumettre le conducteur d\u2019une Peugeot 308 aux v\u00e9rifications d\u2019usage alors qu\u2019il circule au niveau de la rue des Alli\u00e9s.<\/p>\n<p>Les policiers vont rapidement d\u00e9couvrir que le conducteur, \u00e2g\u00e9 de 28 ans et originaire de Saint-Etienne, n\u2019est pas exempt de reproches. En effet, ce dernier circule sans assurance, n\u2019a pas fait le transfert de nom sur la carte grise du v\u00e9hicule et surtout, il n\u2019est plus titulaire du permis de conduire puisque son document a \u00e9t\u00e9 suspendu.<\/p>\n<p>Interpell\u00e9 puis plac\u00e9 en garde \u00e0 vue, il s\u2019est vu signifier \u00e0 l\u2019issue, une convocation devant le tribunal correctionnel de Saint-Etienne au cours des prochaines semaines.<\/p>\n<p class=\"note\">\u00c0 lire aussi\u00a0: <a href=\"https:\/\/www.leprogres.fr\/faits-divers-justice\/2025\/12\/02\/une-voiture-percute-violemment-un-poteau-puis-un-mur-a-saint-chamond-son-conducteur-gravement-blesse\" target=\"_blank\" rel=\"noopener\">Une voiture percute violemment un poteau puis un mur \u00e0 Saint-Chamond\u00a0: son conducteur gravement bless\u00e9<\/a><\/p>\n<p class=\"note\">\u00c0 lire aussi\u00a0: <a href=\"https:\/\/www.leprogres.fr\/faits-divers-justice\/2025\/11\/20\/sous-l-empire-de-l-alcool-il-refuse-le-controle-de-police-et-grille-trois-feux-de-rouge\" target=\"_blank\" rel=\"noopener\">Sous l\u2019empire de l\u2019alcool, il refuse le contr\u00f4le de police et grille trois feux de rouge<\/a><\/p>\n","protected":false},"excerpt":{"rendered":"Les forces de police ont r\u00e9alis\u00e9 des contr\u00f4les dans le quartier de la Richelandi\u00e8re, \u00e0 Saint-Etienne, dans la&hellip;\n","protected":false},"author":2,"featured_media":575219,"comment_status":"","ping_status":"","sticky":false,"template":"","format":"standard","meta":{"footnotes":""},"categories":[9653],"tags":[1111,11,2430,3542,271,272,7539,1777,674,274,1011,27,3367,12,25,4001,7538,104,2803],"class_list":{"0":"post-575218","1":"post","2":"type-post","3":"status-publish","4":"format-standard","5":"has-post-thumbnail","7":"category-saint-etienne","8":"tag-actu","9":"tag-actualites","10":"tag-auvergne-rhone-alpes","11":"tag-circulation","12":"tag-crime","13":"tag-delit-et-contravention","14":"tag-edition-loire-sud","15":"tag-eu","16":"tag-europe","17":"tag-faits-divers-justice","18":"tag-fr","19":"tag-france","20":"tag-loire","21":"tag-news","22":"tag-republique-francaise","23":"tag-saint-etienne","24":"tag-saint-etienne-ville","25":"tag-societe","26":"tag-transport"},"share_on_mastodon":{"url":"https:\/\/pubeurope.com\/@fr\/115655332617129310","error":""},"_links":{"self":[{"href":"https:\/\/www.europesays.com\/fr\/wp-json\/wp\/v2\/posts\/575218","targetHints":{"allow":["GET"]}}],"collection":[{"href":"https:\/\/www.europesays.com\/fr\/wp-json\/wp\/v2\/posts"}],"about":[{"href":"https:\/\/www.europesays.com\/fr\/wp-json\/wp\/v2\/types\/post"}],"author":[{"embeddable":true,"href":"https:\/\/www.europesays.com\/fr\/wp-json\/wp\/v2\/users\/2"}],"replies":[{"embeddable":true,"href":"https:\/\/www.europesays.com\/fr\/wp-json\/wp\/v2\/comments?post=575218"}],"version-history":[{"count":0,"href":"https:\/\/www.europesays.com\/fr\/wp-json\/wp\/v2\/posts\/575218\/revisions"}],"wp:featuredmedia":[{"embeddable":true,"href":"https:\/\/www.europesays.com\/fr\/wp-json\/wp\/v2\/media\/575219"}],"wp:attachment":[{"href":"https:\/\/www.europesays.com\/fr\/wp-json\/wp\/v2\/media?parent=575218"}],"wp:term":[{"taxonomy":"category","embeddable":true,"href":"https:\/\/www.europesays.com\/fr\/wp-json\/wp\/v2\/categories?post=575218"},{"taxonomy":"post_tag","embeddable":true,"href":"https:\/\/www.europesays.com\/fr\/wp-json\/wp\/v2\/tags?post=575218"}],"curies":[{"name":"wp","href":"https:\/\/api.w.org\/{rel}","templated":true}]}}