{"id":575228,"date":"2025-12-03T11:17:16","date_gmt":"2025-12-03T11:17:16","guid":{"rendered":"https:\/\/www.europesays.com\/fr\/575228\/"},"modified":"2025-12-03T11:17:16","modified_gmt":"2025-12-03T11:17:16","slug":"focus-partenaire-ratp-dev","status":"publish","type":"post","link":"https:\/\/www.europesays.com\/fr\/575228\/","title":{"rendered":"Focus Partenaire : RATP DEV"},"content":{"rendered":"<p><strong><a href=\"http:\/\/www.sctoulon.fr\/wp-content\/uploads\/2025\/12\/Bassard-RDev-Site-Brunet.png\" target=\"_blank\" rel=\"noopener\"><img loading=\"lazy\" decoding=\"async\" class=\"alignright size-medium wp-image-11890\" src=\"https:\/\/www.europesays.com\/fr\/wp-content\/uploads\/2025\/12\/Bassard-RDev-Site-Brunet-258x400.png\" alt=\"\" width=\"258\" height=\"400\"  \/><\/a>4 questions \u00e0 S\u00e9bastien Bassard, Directeur Marketing et Exp\u00e9rience Client chez RATP DEV<\/strong><\/p>\n<p>Pouvez-vous nous en dire un peu plus sur vous et sur RATP Dev ?<\/p>\n<p>RATP Dev est une filiale du groupe RATP, l\u2019op\u00e9rateur historique des transports en commun de Paris et de sa r\u00e9gion. Notre r\u00f4le, c\u2019est d\u2019exploiter des r\u00e9seaux de transport, en France comme \u00e0 l\u2019international.<\/p>\n<p>Dans le Var, nous avons la responsabilit\u00e9 du r\u00e9seau Mistral gr\u00e2ce \u00e0 un contrat de d\u00e9l\u00e9gation de service public\u00a0confi\u00e9e par la M\u00e9tropole Toulon Provence M\u00e9diterran\u00e9e (TPM)\u00a0qui s\u2019\u00e9tend de 2023 \u00e0 2029.<\/p>\n<p>Ce contrat couvre l\u2019exploitation des bus et des bateaux-bus sur l\u2019ensemble du territoire. En tant que branche priv\u00e9e du groupe RATP, nous intervenons dans un cadre contractuel sp\u00e9cifique, avec une exigence forte de performance et de qualit\u00e9 de service. Nos \u00e9quipes s\u2019engagent au quotidien pour proposer un r\u00e9seau fiable, efficace et pleinement align\u00e9 avec les besoins et les ambitions de la m\u00e9tropole.<\/p>\n<p>Pourquoi avoir choisi de vous associer au Sporting Club de Toulon ?<\/p>\n<p>Le Sporting Club de Toulon, c\u2019est bien plus qu\u2019une \u00e9quipe : c\u2019est un rep\u00e8re historique, profond\u00e9ment ancr\u00e9 dans son territoire. Pour RATP Dev, cet ancrage local est primordial. Nous op\u00e9rons le r\u00e9seau de transport de la m\u00e9tropole, et notre r\u00f4le ne se limite pas \u00e0 faire circuler des bus ou des bateaux-bus.<\/p>\n<p>Nous devons \u00eatre pr\u00e9sents dans la vie du territoire, soutenir celles et ceux qui le font vivre et vibrer. Le Sporting, c\u2019est un symbole. Sa proximit\u00e9 avec les habitants, son impact local, son histoire\u2026 tout cela r\u00e9sonne avec notre mission et notre volont\u00e9 de contribuer au dynamisme du bassin toulonnais.<\/p>\n<p>Quelles valeurs d\u00e9finissent RATP Dev ?<\/p>\n<p>Nos valeurs fondamentales sont le collectif, l\u2019humain. Ce sont elles qui orientent nos actions et notre mani\u00e8re de travailler, et nous les retrouvons pleinement dans l\u2019esprit du Sporting Club de Toulon.<\/p>\n<p>Le club n\u2019est pas encore \u00e0 l\u2019endroit o\u00f9 il r\u00eave d\u2019\u00eatre, mais il porte une ambition forte, tout comme nous \u0153uvrons pour faire \u00e9voluer la mobilit\u00e9 et moderniser le r\u00e9seau Mistral. Nous avan\u00e7ons avec tous les acteurs du territoire, que ce soit dans le football, le basket ou d\u2019autres disciplines.<\/p>\n<p>Au-del\u00e0 du sport, nous avons un r\u00f4le soci\u00e9tal important : accompagner les plus jeunes, mener des actions de m\u00e9diation, sensibiliser \u00e0 la culture du transport. La mobilit\u00e9 est un service public essentiel, un lien qui permet \u00e0 chacun d\u2019acc\u00e9der aux opportunit\u00e9s du quotidien.<\/p>\n<p>Quels sont vos pronostics pour le match de ce samedi ?<\/p>\n<p>J\u2019esp\u00e8re avant tout un beau match, intense et une victoire pour le sporting\u00a0!<\/p>\n<dl class=\"gallery-item\">\n<dt class=\"gallery-icon landscape\">\n\t\t\t\t<a data-rel=\"iLightbox[postimages]\" data-title=\"Focus Partenaire : RATP DEV\" data-caption=\"\" href=\"http:\/\/www.sctoulon.fr\/actualites\/news\/focus-partenaire-ratp-dev-2\/attachment\/bateau-bus-2\/\" target=\"_blank\" rel=\"noopener\"><img loading=\"lazy\" decoding=\"async\" width=\"400\" height=\"265\" src=\"https:\/\/www.europesays.com\/fr\/wp-content\/uploads\/2025\/12\/Bateau-Bus-400x265.jpg\" class=\"attachment-medium size-medium\" alt=\"\"  \/><\/a>\n\t\t\t<\/dt>\n<\/dl>\n<dl class=\"gallery-item\">\n<dt class=\"gallery-icon landscape\">\n\t\t\t\t<a data-rel=\"iLightbox[postimages]\" data-title=\"Focus Partenaire : RATP DEV\" data-caption=\"\" href=\"http:\/\/www.sctoulon.fr\/actualites\/news\/focus-partenaire-ratp-dev-2\/attachment\/1000022875-3\/\" target=\"_blank\" rel=\"noopener\"><img loading=\"lazy\" decoding=\"async\" width=\"400\" height=\"264\" src=\"https:\/\/www.europesays.com\/fr\/wp-content\/uploads\/2025\/12\/1000022875-1-400x264.jpg\" class=\"attachment-medium size-medium\" alt=\"\"  \/><\/a>\n\t\t\t<\/dt>\n<\/dl>\n<p><br style=\"clear: both\"\/><\/p>\n","protected":false},"excerpt":{"rendered":"4 questions \u00e0 S\u00e9bastien Bassard, Directeur Marketing et Exp\u00e9rience Client chez RATP DEV Pouvez-vous nous en dire un&hellip;\n","protected":false},"author":2,"featured_media":575229,"comment_status":"","ping_status":"","sticky":false,"template":"","format":"standard","meta":{"footnotes":""},"categories":[9619],"tags":[1111,11,1777,674,1011,27,12,882,25,2310],"class_list":{"0":"post-575228","1":"post","2":"type-post","3":"status-publish","4":"format-standard","5":"has-post-thumbnail","7":"category-toulon","8":"tag-actu","9":"tag-actualites","10":"tag-eu","11":"tag-europe","12":"tag-fr","13":"tag-france","14":"tag-news","15":"tag-provence-alpes-cote-dazur","16":"tag-republique-francaise","17":"tag-toulon"},"share_on_mastodon":{"url":"https:\/\/pubeurope.com\/@fr\/115655361068844011","error":""},"_links":{"self":[{"href":"https:\/\/www.europesays.com\/fr\/wp-json\/wp\/v2\/posts\/575228","targetHints":{"allow":["GET"]}}],"collection":[{"href":"https:\/\/www.europesays.com\/fr\/wp-json\/wp\/v2\/posts"}],"about":[{"href":"https:\/\/www.europesays.com\/fr\/wp-json\/wp\/v2\/types\/post"}],"author":[{"embeddable":true,"href":"https:\/\/www.europesays.com\/fr\/wp-json\/wp\/v2\/users\/2"}],"replies":[{"embeddable":true,"href":"https:\/\/www.europesays.com\/fr\/wp-json\/wp\/v2\/comments?post=575228"}],"version-history":[{"count":0,"href":"https:\/\/www.europesays.com\/fr\/wp-json\/wp\/v2\/posts\/575228\/revisions"}],"wp:featuredmedia":[{"embeddable":true,"href":"https:\/\/www.europesays.com\/fr\/wp-json\/wp\/v2\/media\/575229"}],"wp:attachment":[{"href":"https:\/\/www.europesays.com\/fr\/wp-json\/wp\/v2\/media?parent=575228"}],"wp:term":[{"taxonomy":"category","embeddable":true,"href":"https:\/\/www.europesays.com\/fr\/wp-json\/wp\/v2\/categories?post=575228"},{"taxonomy":"post_tag","embeddable":true,"href":"https:\/\/www.europesays.com\/fr\/wp-json\/wp\/v2\/tags?post=575228"}],"curies":[{"name":"wp","href":"https:\/\/api.w.org\/{rel}","templated":true}]}}