{"id":575230,"date":"2025-12-03T11:18:14","date_gmt":"2025-12-03T11:18:14","guid":{"rendered":"https:\/\/www.europesays.com\/fr\/575230\/"},"modified":"2025-12-03T11:18:14","modified_gmt":"2025-12-03T11:18:14","slug":"10-000-livres-a-50-centimes-dans-cette-braderie","status":"publish","type":"post","link":"https:\/\/www.europesays.com\/fr\/575230\/","title":{"rendered":"10 000 livres \u00e0 50 centimes dans cette braderie !"},"content":{"rendered":"<p><img decoding=\"async\" class=\"\" style=\"width:100%\" src=\"https:\/\/www.europesays.com\/fr\/wp-content\/uploads\/2025\/12\/pierresvives_exterieur1764673450298.jpg\" alt=\"Braderie du livre Montpellier\"\/><\/p>\n<p>Une grande braderie du livre ce samedi 13 d\u00e9cembre \u00e0 l&rsquo;Ouest de Montpellier.<\/p>\n<p>Cr\u00e9dit : PierresVives<\/p>\n<p> <strong>Pour de belles id\u00e9es cadeau avant No\u00ebl !<\/strong><\/p>\n<p style=\"text-align: justify;\">\u00a0<\/p>\n<p style=\"text-align: justify;\">Au programme : <strong>10 000 livres, BD, mangas et CD issus des collections du D\u00e9partement, tous vendus au prix unique de 0,50 \u20ac<\/strong>. Oui, tout \u00e0 cinquante centimes ! Avec<strong> une limite de 15 articles par personne<\/strong>, histoire de garantir des trouvailles pour tout le monde.<\/p>\n<p style=\"text-align: justify;\">L\u2019ambiance est simple, conviviale et pleine de surprises. Et pour ceux qui redoutent la queue du matin, un petit secret : <strong>le r\u00e9assort est permanent.<\/strong> Autrement dit, venir en apr\u00e8s-midi, c\u2019est souvent l\u2019assurance de faire de belles d\u00e9couvertes\u2026 sans bousculade.<\/p>\n<p style=\"text-align: justify;\">En plus de se faire plaisir pour trois fois rien, participer \u00e0 la braderie,<strong> c\u2019est aussi offrir une seconde vie \u00e0 des ouvrages en excellent \u00e9tat.<\/strong> Une sortie maline, \u00e9conomique et \u00e9colo : que demander de plus ?<\/p>\n<p style=\"text-align: justify;\">\u00a0<\/p>\n<p><strong>Une bonne occasion pour profiter des lieux !<\/strong><\/p>\n<p style=\"text-align: justify;\">\u00a0<\/p>\n<p style=\"text-align: justify;\">En plus de trouver des p\u00e9pites, profitez des nombreuses possibilit\u00e9s qui s\u2019offrent \u00e0 vous en venant \u00e0 Pierresvives !<\/p>\n<p style=\"text-align: justify;\">Pierresvives, ce n\u2019est pas seulement un spot parfait pour chiner des livres : c\u2019est aussi un v\u00e9ritable lieu culturel vivant, gratuit et ouvert \u00e0 toutes et tous. <strong>Archives, m\u00e9diath\u00e8que, animations, espace jeunes citoyens\u2026<\/strong> Impossible de s\u2019y ennuyer, notamment ce samedi 13 d\u00e9cembre :<\/p>\n<ul>\n<li style=\"text-align: justify;\">A 16h, les amoureux de musique ont rendez-vous pour une \u00e9coute immersive de l\u2019album mythique Purple Rain de Prince. Une s\u00e9ance d\u00e9tendue, accessible, gratuite, et id\u00e9ale pour faire d\u00e9couvrir de grands classiques aux plus jeunes comme aux plus grands.<\/li>\n<li style=\"text-align: justify;\">La\u00a0 grande exposition annuelle \u00e0 d\u00e9couvrir depuis le 20 novembre, \u00ab <a href=\"https:\/\/www.rtsfm.com\/montpellier-une-expo-sur-la-vie-dans-l-herault-pendant-la-guerre-39-45\" rel=\"noopener\" target=\"_blank\">Vivre la guerre en H\u00e9rault (1939-1945)<\/a> \u00bb, visible jusqu\u2019au 9 mai 2026. Ouverte du mardi au samedi, de 10h \u00e0 19h, elle invite petits et grands \u00e0 plonger dans l\u2019histoire locale \u00e0 travers t\u00e9moignages, objets et archives poignantes. Entr\u00e9e libre, comme toujours.<\/li>\n<\/ul>\n","protected":false},"excerpt":{"rendered":"Une grande braderie du livre ce samedi 13 d\u00e9cembre \u00e0 l&rsquo;Ouest de Montpellier. Cr\u00e9dit : PierresVives Pour de&hellip;\n","protected":false},"author":2,"featured_media":575231,"comment_status":"","ping_status":"","sticky":false,"template":"","format":"standard","meta":{"footnotes":""},"categories":[9599],"tags":[1111,11,68967,68970,68955,67930,68958,68964,68969,1777,674,68965,1011,27,68959,68963,68957,68968,2208,12,2680,68956,68971,68960,25,68961,68962,68966],"class_list":{"0":"post-575230","1":"post","2":"type-post","3":"status-publish","4":"format-standard","5":"has-post-thumbnail","7":"category-montpellier","8":"tag-actu","9":"tag-actualites","10":"tag-animations-culturelles","11":"tag-archives-locales","12":"tag-braderie-du-livre","13":"tag-cadeaux-de-noel","14":"tag-collections-du-departement","15":"tag-ecoute-immersive-purple-rain","16":"tag-espace-jeunes-citoyens","17":"tag-eu","18":"tag-europe","19":"tag-exposition-annuelle-vivre-la-guerre-en-herault","20":"tag-fr","21":"tag-france","22":"tag-lecteurs-inveteres","23":"tag-lieu-culturel-vivant","24":"tag-livres-a-50-centimes","25":"tag-mediatheque-gratuite","26":"tag-montpellier","27":"tag-news","28":"tag-occitanie","29":"tag-pierresvives","30":"tag-plongee-historique-locale","31":"tag-reassort-permanent","32":"tag-republique-francaise","33":"tag-seconde-vie-livres","34":"tag-sortie-economique","35":"tag-temoignages-historiques"},"share_on_mastodon":{"url":"","error":"Validation failed: Text character limit of 500 exceeded"},"_links":{"self":[{"href":"https:\/\/www.europesays.com\/fr\/wp-json\/wp\/v2\/posts\/575230","targetHints":{"allow":["GET"]}}],"collection":[{"href":"https:\/\/www.europesays.com\/fr\/wp-json\/wp\/v2\/posts"}],"about":[{"href":"https:\/\/www.europesays.com\/fr\/wp-json\/wp\/v2\/types\/post"}],"author":[{"embeddable":true,"href":"https:\/\/www.europesays.com\/fr\/wp-json\/wp\/v2\/users\/2"}],"replies":[{"embeddable":true,"href":"https:\/\/www.europesays.com\/fr\/wp-json\/wp\/v2\/comments?post=575230"}],"version-history":[{"count":0,"href":"https:\/\/www.europesays.com\/fr\/wp-json\/wp\/v2\/posts\/575230\/revisions"}],"wp:featuredmedia":[{"embeddable":true,"href":"https:\/\/www.europesays.com\/fr\/wp-json\/wp\/v2\/media\/575231"}],"wp:attachment":[{"href":"https:\/\/www.europesays.com\/fr\/wp-json\/wp\/v2\/media?parent=575230"}],"wp:term":[{"taxonomy":"category","embeddable":true,"href":"https:\/\/www.europesays.com\/fr\/wp-json\/wp\/v2\/categories?post=575230"},{"taxonomy":"post_tag","embeddable":true,"href":"https:\/\/www.europesays.com\/fr\/wp-json\/wp\/v2\/tags?post=575230"}],"curies":[{"name":"wp","href":"https:\/\/api.w.org\/{rel}","templated":true}]}}