{"id":575234,"date":"2025-12-03T11:20:12","date_gmt":"2025-12-03T11:20:12","guid":{"rendered":"https:\/\/www.europesays.com\/fr\/575234\/"},"modified":"2025-12-03T11:20:12","modified_gmt":"2025-12-03T11:20:12","slug":"pourquoi-cette-entreprise-du-btp-basee-pres-de-rouen-est-en-greve","status":"publish","type":"post","link":"https:\/\/www.europesays.com\/fr\/575234\/","title":{"rendered":"pourquoi cette entreprise du BTP bas\u00e9e pr\u00e8s de Rouen est en gr\u00e8ve"},"content":{"rendered":"<p>                    Par<br \/>\n        <strong><br \/>\n            <a href=\"https:\/\/actu.fr\/auteur\/fmass\" title=\"Consulter tous les articles de Fabien Massin\" target=\"_blank\" rel=\"noopener\">Fabien Massin<\/a><br \/>\n                    <\/strong><\/p>\n<p>        Publi\u00e9 le<\/p>\n<p>            3 d\u00e9c. 2025 \u00e0 11h12        <\/p>\n<p>Une gr\u00e8ve dans le secteur du<a href=\"https:\/\/actu.fr\/tag\/btp\" target=\"_blank\" rel=\"noopener\"> BTP (b\u00e2timent et travaux publics)<\/a>, cela n\u2019est pas si courant. Pr\u00e8s de <a href=\"https:\/\/actu.fr\/normandie\/seine-maritime_76\" target=\"_blank\" rel=\"noopener\">Rouen (Seine-Maritime)<\/a>, \u00e0 <a href=\"https:\/\/actu.fr\/normandie\/saint-pierre-de-varengeville_76636\" target=\"_blank\" rel=\"noopener\">Saint-Pierre-de-Varengeville<\/a>, un mouvement social est en cours \u00e0 la soci\u00e9t\u00e9 Orea VTP, mercredi 3 et jeudi 4 novembre 2025.\u00a0<\/p>\n<p>Une entreprise sp\u00e9cialis\u00e9e dans la d\u00e9molition et le d\u00e9samiantage<\/p>\n<p class=\" wall-content\">Orea VTP est une entreprise sp\u00e9cialis\u00e9e dans la d\u00e9molition et le d\u00e9samiantage, bas\u00e9e \u00e0 Saint-Pierre-de-Varengeville depuis plus de 40 ans. Cr\u00e9\u00e9e sous le nom de <strong>Varengevillaise de Travaux Publics (VTP)<\/strong>, elle a connu des d\u00e9boires financiers dans les ann\u00e9es 2020-2024, qui ont conduit \u00e0 son placement en redressement puis \u00e0 sa <strong>liquidation judiciaire<\/strong>. En 2024, le groupe Orea, \u00e9tabli dans le Rh\u00f4ne, sp\u00e9cialis\u00e9 dans les services de maintenance industrielle et les travaux publics, reprend alors ses actifs, le mat\u00e9riel et les 46 salari\u00e9s de l\u2019entreprise.\u00a0<\/p>\n<p class=\" wall-content\">\u00ab\u00a0Apr\u00e8s la reprise, <strong>il n\u2019y a pas eu l\u2019\u00e9lan promis devant le tribunal de commerce de Rouen<\/strong>, constate avec amertume Nicolas Juge, cadre au sein de l\u2019entreprise. Au contraire, nous avions de belles op\u00e9rations en cours et nous nous sommes retrouv\u00e9s sans chantier. Et entre les ruptures conventionnelles et les licenciements nous ne sommes aujourd\u2019hui plus que 22 salari\u00e9s. En fait progressivement on nous a mis \u00e0 poil, et laiss\u00e9s sans perspective.\u00a0\u00bb<\/p>\n<p>Ce que les salari\u00e9s demandent<\/p>\n<p>\u00ab\u00a0Les salari\u00e9s rappellent que les engagements annonc\u00e9s lors de la reprise devant le Tribunal de Commerce de Rouen pr\u00e9voyaient :<br \/>\u2022 le maintien des emplois,<br \/>\u2022 la continuit\u00e9 des moyens mat\u00e9riels,<br \/>\u2022 le d\u00e9veloppement de l\u2019activit\u00e9 en Normandie,<br \/>\u2022 et la s\u00e9curisation des chantiers amiante.<br \/>Aujourd\u2019hui, ces engagements ne semblent plus respect\u00e9s, et la situation met en danger :<br \/>\u2022 l\u2019emploi local,<br \/>\u2022 la s\u00e9curit\u00e9 des chantiers (notamment amiante),<br \/>\u2022 et la continuit\u00e9 des march\u00e9s publics et priv\u00e9s en cours.\u00a0\u00bb<\/p>\n<p>Suivez l\u2019actualit\u00e9 de Rouen sur notre <a href=\"https:\/\/www.whatsapp.com\/channel\/0029VaKfnf99hXF2ddApFB1D\" target=\"_blank\" rel=\"noopener\">cha\u00eene WhatsApp<\/a> et sur notre<a href=\"https:\/\/www.tiktok.com\/@76actu.fr?lang=fr\" target=\"_blank\" rel=\"noopener\"> compte TikTok<\/a><\/p>\n<p class=\" wall-content\">Personnalisez votre actualit\u00e9 en ajoutant vos villes et m\u00e9dias en favori avec <a href=\"https:\/\/moncompte.actu.fr\" title=\"D\u00e9couvez Mon Actu\" rel=\"nofollow noopener\" data-trk=\"{&quot;cta&quot;:{&quot;action&quot;:&quot;https:\\\/\\\/moncompte.actu.fr&quot;,&quot;category&quot;:&quot;mon compte&quot;,&quot;from&quot;:&quot;article footer&quot;,&quot;name&quot;:&quot;Mon actu&quot;,&quot;type&quot;:&quot;cta&quot;}}\" target=\"_blank\">Mon Actu<\/a>.<\/p>\n<p>                    <script async src=\"\/\/www.tiktok.com\/embed.js\"><\/script><\/p>\n","protected":false},"excerpt":{"rendered":"Par Fabien Massin Publi\u00e9 le 3 d\u00e9c. 2025 \u00e0 11h12 Une gr\u00e8ve dans le secteur du BTP (b\u00e2timent&hellip;\n","protected":false},"author":2,"featured_media":575235,"comment_status":"","ping_status":"","sticky":false,"template":"","format":"standard","meta":{"footnotes":""},"categories":[9587],"tags":[1111,11,1771,33,1777,674,1011,27,6151,12,5161,25,9590,2086],"class_list":{"0":"post-575234","1":"post","2":"type-post","3":"status-publish","4":"format-standard","5":"has-post-thumbnail","7":"category-rouen","8":"tag-actu","9":"tag-actualites","10":"tag-btp","11":"tag-economie","12":"tag-eu","13":"tag-europe","14":"tag-fr","15":"tag-france","16":"tag-greve","17":"tag-news","18":"tag-normandie","19":"tag-republique-francaise","20":"tag-rouen","21":"tag-travaux"},"share_on_mastodon":{"url":"https:\/\/pubeurope.com\/@fr\/115655372661540852","error":""},"_links":{"self":[{"href":"https:\/\/www.europesays.com\/fr\/wp-json\/wp\/v2\/posts\/575234","targetHints":{"allow":["GET"]}}],"collection":[{"href":"https:\/\/www.europesays.com\/fr\/wp-json\/wp\/v2\/posts"}],"about":[{"href":"https:\/\/www.europesays.com\/fr\/wp-json\/wp\/v2\/types\/post"}],"author":[{"embeddable":true,"href":"https:\/\/www.europesays.com\/fr\/wp-json\/wp\/v2\/users\/2"}],"replies":[{"embeddable":true,"href":"https:\/\/www.europesays.com\/fr\/wp-json\/wp\/v2\/comments?post=575234"}],"version-history":[{"count":0,"href":"https:\/\/www.europesays.com\/fr\/wp-json\/wp\/v2\/posts\/575234\/revisions"}],"wp:featuredmedia":[{"embeddable":true,"href":"https:\/\/www.europesays.com\/fr\/wp-json\/wp\/v2\/media\/575235"}],"wp:attachment":[{"href":"https:\/\/www.europesays.com\/fr\/wp-json\/wp\/v2\/media?parent=575234"}],"wp:term":[{"taxonomy":"category","embeddable":true,"href":"https:\/\/www.europesays.com\/fr\/wp-json\/wp\/v2\/categories?post=575234"},{"taxonomy":"post_tag","embeddable":true,"href":"https:\/\/www.europesays.com\/fr\/wp-json\/wp\/v2\/tags?post=575234"}],"curies":[{"name":"wp","href":"https:\/\/api.w.org\/{rel}","templated":true}]}}