{"id":575238,"date":"2025-12-03T11:22:13","date_gmt":"2025-12-03T11:22:13","guid":{"rendered":"https:\/\/www.europesays.com\/fr\/575238\/"},"modified":"2025-12-03T11:22:13","modified_gmt":"2025-12-03T11:22:13","slug":"venez-poser-vos-questions-a-michel-edouard-leclerc-mercredi-10-decembre","status":"publish","type":"post","link":"https:\/\/www.europesays.com\/fr\/575238\/","title":{"rendered":"venez poser vos questions \u00e0 Michel-\u00c9douard Leclerc mercredi 10 d\u00e9cembre"},"content":{"rendered":"<p>Dans le cadre de nos Face aux lecteurs, nous vous proposons de rencontrer <a href=\"https:\/\/www.ledauphine.com\/p\/michel-edouard-leclerc\" target=\"_blank\" rel=\"noopener\">Michel-\u00c9douard Leclerc<\/a>, l\u2019embl\u00e9matique patron des supermarch\u00e9s. La rencontre se fera le mercredi 10\u00a0d\u00e9cembre \u00e0 9 heures au Mus\u00e9e de Grenoble <a href=\"https:\/\/www.ledauphine.com\/culture-loisirs\/2025\/09\/23\/500-planches-de-bd-appartenant-a-michel-edouard-leclerc-debarquent-a-grenoble\" target=\"_blank\" rel=\"noopener\">o\u00f9 il pr\u00e9sente actuellement 400 planches originales de bande dessin\u00e9e<\/a> ; Michel-\u00c9douard Leclerc \u00e9tant l\u2019un des plus grands collectionneurs de BD. Cette rencontre sera l\u2019occasion de parler de cette passion mais \u00e9galement de consommation, d\u2019\u00e9conomie, de son histoire, de politique\u2026<\/p>\n<p class=\"note\">Pour participer, envoyez-nous votre nom, pr\u00e9nom, adresse, t\u00e9l\u00e9phone et mail \u00e0 <a href=\"https:\/\/www.ledauphine.com\/culture-loisirs\/2025\/12\/03\/clement.berthet@ledauphine.com\" target=\"_blank\" rel=\"noopener\">clement.berthet@ledauphine.com<\/a> Les personnes s\u00e9lectionn\u00e9es seront recontact\u00e9es rapidement.<\/p>\n","protected":false},"excerpt":{"rendered":"Dans le cadre de nos Face aux lecteurs, nous vous proposons de rencontrer Michel-\u00c9douard Leclerc, l\u2019embl\u00e9matique patron des&hellip;\n","protected":false},"author":2,"featured_media":575239,"comment_status":"","ping_status":"","sticky":false,"template":"","format":"standard","meta":{"footnotes":""},"categories":[9566],"tags":[1111,11,2430,1687,115,112,113,116,111,114,1777,674,2271,107,1011,27,2731,2732,108,12,25],"class_list":{"0":"post-575238","1":"post","2":"type-post","3":"status-publish","4":"format-standard","5":"has-post-thumbnail","7":"category-grenoble","8":"tag-actu","9":"tag-actualites","10":"tag-auvergne-rhone-alpes","11":"tag-culture-loisirs","12":"tag-edition-bourgoin-jallieu-nord-dauphine","13":"tag-edition-grenoble-agglomeration","14":"tag-edition-gresivaudan-oisans","15":"tag-edition-la-tour-du-pin-nord-dauphine","16":"tag-edition-vienne-roussillon","17":"tag-edition-voiron-saint-marcellin","18":"tag-eu","19":"tag-europe","20":"tag-exposition-arts-plastiques","21":"tag-fil-info","22":"tag-fr","23":"tag-france","24":"tag-grenoble","25":"tag-grenoble-bassin","26":"tag-isere","27":"tag-news","28":"tag-republique-francaise"},"share_on_mastodon":{"url":"","error":""},"_links":{"self":[{"href":"https:\/\/www.europesays.com\/fr\/wp-json\/wp\/v2\/posts\/575238","targetHints":{"allow":["GET"]}}],"collection":[{"href":"https:\/\/www.europesays.com\/fr\/wp-json\/wp\/v2\/posts"}],"about":[{"href":"https:\/\/www.europesays.com\/fr\/wp-json\/wp\/v2\/types\/post"}],"author":[{"embeddable":true,"href":"https:\/\/www.europesays.com\/fr\/wp-json\/wp\/v2\/users\/2"}],"replies":[{"embeddable":true,"href":"https:\/\/www.europesays.com\/fr\/wp-json\/wp\/v2\/comments?post=575238"}],"version-history":[{"count":0,"href":"https:\/\/www.europesays.com\/fr\/wp-json\/wp\/v2\/posts\/575238\/revisions"}],"wp:featuredmedia":[{"embeddable":true,"href":"https:\/\/www.europesays.com\/fr\/wp-json\/wp\/v2\/media\/575239"}],"wp:attachment":[{"href":"https:\/\/www.europesays.com\/fr\/wp-json\/wp\/v2\/media?parent=575238"}],"wp:term":[{"taxonomy":"category","embeddable":true,"href":"https:\/\/www.europesays.com\/fr\/wp-json\/wp\/v2\/categories?post=575238"},{"taxonomy":"post_tag","embeddable":true,"href":"https:\/\/www.europesays.com\/fr\/wp-json\/wp\/v2\/tags?post=575238"}],"curies":[{"name":"wp","href":"https:\/\/api.w.org\/{rel}","templated":true}]}}