{"id":575240,"date":"2025-12-03T11:23:15","date_gmt":"2025-12-03T11:23:15","guid":{"rendered":"https:\/\/www.europesays.com\/fr\/575240\/"},"modified":"2025-12-03T11:23:15","modified_gmt":"2025-12-03T11:23:15","slug":"pres-de-grenoble-950-logements-vont-sortir-de-terre-dans-ce-quartier-voici-quand","status":"publish","type":"post","link":"https:\/\/www.europesays.com\/fr\/575240\/","title":{"rendered":"Pr\u00e8s de Grenoble. 950 logements vont sortir de terre dans ce quartier : voici quand"},"content":{"rendered":"<p>                    Par<br \/>\n        <strong><br \/>\n            <a href=\"https:\/\/actu.fr\/auteur\/lisa-rodrigues\" title=\"Consulter tous les articles de Lisa Rodrigues\" target=\"_blank\" rel=\"noopener\">Lisa Rodrigues<\/a><br \/>\n                    <\/strong><\/p>\n<p>        Publi\u00e9 le<\/p>\n<p>            3 d\u00e9c. 2025 \u00e0 12h10        <\/p>\n<p>Tout un quartier qui se transforme. \u00c0 Fontaine, pr\u00e8s de <a href=\"https:\/\/actu.fr\/auvergne-rhone-alpes\/grenoble_38185\" target=\"_blank\" rel=\"noopener\">Grenoble<\/a>, l\u2019\u00e9coquartier des <strong>Portes du Vercors<\/strong>, sur le secteur de la Poya, avance. La mairie vient de pr\u00e9senter en d\u00e9tail dans une publication municipale ce projet pharaonique d\u2019am\u00e9nagement sur plus de trois hectares.<\/p>\n<p>    <a href=\"https:\/\/www.google.com\/maps\/embed?pb=!1m14!1m12!1m3!1d2811.45664736047!2d5.673991433643876!3d45.19809418324749!2m3!1f0!2f0!3f0!3m2!1i1024!2i768!4f13.1!5e0!3m2!1sfr!2sfr!4v1764758516560!5m2!1sfr!2sfr\" title=\"Ouvrie le lien\" target=\"_blank\" rel=\"noopener\">Cliquez ici pour visualiser le contenu<\/a><\/p>\n<p class=\" wall-content\">Logements, commerces, zone de loisirs\u2026 Voici ce qu\u2019il faut savoir sur ce chantier \u00e0 <strong>53\u00a0millions d\u2019euros<\/strong> d\u2019investissements.<\/p>\n<p>Trois r\u00e9sidences d\u2019ici \u00e0 2027<\/p>\n<p class=\" wall-content\">Les premiers b\u00e2timents visibles du nouvel \u00e9coquartier doivent \u00eatre livr\u00e9s pour 2027\u2009: trois r\u00e9sidences, proposant environ 200 logements, vont sortir de terre entre l\u2019all\u00e9e des Plans et la promenade de la Petite Sa\u00f4ne.<\/p>\n<p class=\" wall-content\">\u00c0 terme, ce sont <strong>950 logements<\/strong> r\u00e9partis sur des immeubles entre 2 et 5 \u00e9tages qui vont \u00eatre construits sur les Portes du Vercors, tous \u00e9quip\u00e9s d\u2019un espace ext\u00e9rieur (terrasse, loggia ou jardin) et avec au minimum deux expositions diff\u00e9rentes.<\/p>\n<p>    <img   decoding=\"async\" loading=\"lazy\" src=\"https:\/\/www.europesays.com\/fr\/wp-content\/uploads\/2025\/12\/portes-du-vercors-fontaine-immeubles-960x640.png\" alt=\"Au total, 950 logements vont \u00eatre construits dans le nouveau quartier. 200 seront disponibles d\u00e8s 2027.\" width=\"960\" height=\"640\"\/><br \/>\n    Au total, 950 logements vont \u00eatre construits dans le nouveau quartier. 200 seront disponibles d\u00e8s 2027. (\u00a9Capture vid\u00e9o Grenoble-Alpes M\u00e9tropole)<\/p>\n<p class=\" wall-content\">Des parkings souterrains vont \u00eatre \u00e0 disposition des r\u00e9sidents, ainsi que des locaux v\u00e9los s\u00e9curis\u00e9s. L\u2019acc\u00e8s aux transports en commun \u2013 le quartier est au terminus de la ligne de tram A \u2013 va \u00e9galement \u00eatre <strong>renforc\u00e9<\/strong>.<\/p>\n<p>Votre r\u00e9gion, votre actu !<\/p>\n<p>Recevez chaque jour les infos qui comptent pour vous.<\/p>\n<p>\t<a href=\"https:\/\/actu.fr\/newsletter\" class=\"ac-btn ac-btn--corner ac-btn--medium ac-btn--blue800\" target=\"_blank\" rel=\"noopener\">S&rsquo;incrire<\/a><br \/>\nUn cin\u00e9ma annonc\u00e9<\/p>\n<p class=\" wall-content\">En pied d\u2019immeuble, vont s\u2019installer <strong>commerces et services<\/strong>\u2009: boulangerie, primeur, boucherie, coiffeur, pressing, tabac-presse ou encore caviste sont \u00e9voqu\u00e9s par la Ville de <a href=\"https:\/\/actu.fr\/auvergne-rhone-alpes\/fontaine_38169\" target=\"_blank\" rel=\"noopener\">Fontaine<\/a>. \u00ab\u2009Une enseigne de bricolage pourrait s\u2019implanter pour r\u00e9pondre \u00e0 un besoin identifi\u00e9 sur le secteur\u2009\u00bb, compl\u00e8te la mairie.<\/p>\n<p class=\" wall-content\">Des snacks, caf\u00e9s et restaurants traditionnels vont aussi s\u2019installer, tout comme <a href=\"https:\/\/actu.fr\/auvergne-rhone-alpes\/grenoble_38185\/grenoble-ces-medecins-a-la-retraite-veulent-reprendre-du-service-ils-ont-envie-d-etre-utiles_63283469.html\" target=\"_blank\" rel=\"noopener\">des m\u00e9decins<\/a> qui vont avoir la possibilit\u00e9 de s\u2019installer dans des locaux en bas d\u2019immeuble, sur des mod\u00e8les type maison de sant\u00e9.<\/p>\n<p class=\" wall-content\">Enfin, le quartier doit proposer un large choix de loisirs. Sont notamment annonc\u00e9s une salle d\u2019escalade, un escape game, une salle de r\u00e9alit\u00e9 virtuelle ainsi qu\u2019un <strong>cin\u00e9ma multiplex<\/strong> d\u2019environ sept salles et 1\u2009000 fauteuils.<\/p>\n<p>    <img   decoding=\"async\" loading=\"lazy\" src=\"https:\/\/www.europesays.com\/fr\/wp-content\/uploads\/2025\/12\/portes-du-vercors-fontaine-cinema-960x640.png\" alt=\"Parmi les \u00e9quipements annonc\u00e9s du futur quartier des Portes du Vercors, on retrouve un cin\u00e9ma d'environ 1 000 si\u00e8ges.\" width=\"960\" height=\"640\"\/><br \/>\n    Parmi les \u00e9quipements annonc\u00e9s du futur quartier des Portes du Vercors, on retrouve un cin\u00e9ma d\u2019environ 1\u2009000 si\u00e8ges. (\u00a9Capture vid\u00e9o Grenoble-Alpes M\u00e9tropole)Fin de chantier pr\u00e9vu en 2036<\/p>\n<p class=\" wall-content\">Les espaces verts ne sont pas non plus oubli\u00e9s, avec de <strong>nombreuses all\u00e9es v\u00e9g\u00e9talis\u00e9es<\/strong> entre les r\u00e9sidences. Un total de 9\u2009500 plantes et arbustes doivent \u00eatre plant\u00e9s pour permettre la d\u00e9sartificialisation de pr\u00e8s de 40\u2009% des surfaces du quartier.<\/p>\n<p class=\" wall-content\">Le chantier va se d\u00e9couper en plusieurs tranches, la deuxi\u00e8me partie devant d\u00e9marrer en 2028. Le projet des Portes du Vercors est cens\u00e9 se terminer \u00e0 <strong>l\u2019horizon 2036<\/strong>.<\/p>\n<p class=\" wall-content\">Personnalisez votre actualit\u00e9 en ajoutant vos villes et m\u00e9dias en favori avec <a href=\"https:\/\/moncompte.actu.fr\" title=\"D\u00e9couvez Mon Actu\" rel=\"nofollow noopener\" data-trk=\"{&quot;cta&quot;:{&quot;action&quot;:&quot;https:\\\/\\\/moncompte.actu.fr&quot;,&quot;category&quot;:&quot;mon compte&quot;,&quot;from&quot;:&quot;article footer&quot;,&quot;name&quot;:&quot;Mon actu&quot;,&quot;type&quot;:&quot;cta&quot;}}\" target=\"_blank\">Mon Actu<\/a>.<\/p>\n","protected":false},"excerpt":{"rendered":"Par Lisa Rodrigues Publi\u00e9 le 3 d\u00e9c. 2025 \u00e0 12h10 Tout un quartier qui se transforme. \u00c0 Fontaine,&hellip;\n","protected":false},"author":2,"featured_media":575241,"comment_status":"","ping_status":"","sticky":false,"template":"","format":"standard","meta":{"footnotes":""},"categories":[9566],"tags":[1111,11,2430,215,1777,674,1011,27,2731,1116,1908,12,25,104],"class_list":{"0":"post-575240","1":"post","2":"type-post","3":"status-publish","4":"format-standard","5":"has-post-thumbnail","7":"category-grenoble","8":"tag-actu","9":"tag-actualites","10":"tag-auvergne-rhone-alpes","11":"tag-commerce","12":"tag-eu","13":"tag-europe","14":"tag-fr","15":"tag-france","16":"tag-grenoble","17":"tag-immobilier","18":"tag-logement","19":"tag-news","20":"tag-republique-francaise","21":"tag-societe"},"share_on_mastodon":{"url":"https:\/\/pubeurope.com\/@fr\/115655384551100883","error":""},"_links":{"self":[{"href":"https:\/\/www.europesays.com\/fr\/wp-json\/wp\/v2\/posts\/575240","targetHints":{"allow":["GET"]}}],"collection":[{"href":"https:\/\/www.europesays.com\/fr\/wp-json\/wp\/v2\/posts"}],"about":[{"href":"https:\/\/www.europesays.com\/fr\/wp-json\/wp\/v2\/types\/post"}],"author":[{"embeddable":true,"href":"https:\/\/www.europesays.com\/fr\/wp-json\/wp\/v2\/users\/2"}],"replies":[{"embeddable":true,"href":"https:\/\/www.europesays.com\/fr\/wp-json\/wp\/v2\/comments?post=575240"}],"version-history":[{"count":0,"href":"https:\/\/www.europesays.com\/fr\/wp-json\/wp\/v2\/posts\/575240\/revisions"}],"wp:featuredmedia":[{"embeddable":true,"href":"https:\/\/www.europesays.com\/fr\/wp-json\/wp\/v2\/media\/575241"}],"wp:attachment":[{"href":"https:\/\/www.europesays.com\/fr\/wp-json\/wp\/v2\/media?parent=575240"}],"wp:term":[{"taxonomy":"category","embeddable":true,"href":"https:\/\/www.europesays.com\/fr\/wp-json\/wp\/v2\/categories?post=575240"},{"taxonomy":"post_tag","embeddable":true,"href":"https:\/\/www.europesays.com\/fr\/wp-json\/wp\/v2\/tags?post=575240"}],"curies":[{"name":"wp","href":"https:\/\/api.w.org\/{rel}","templated":true}]}}