{"id":575244,"date":"2025-12-03T11:25:16","date_gmt":"2025-12-03T11:25:16","guid":{"rendered":"https:\/\/www.europesays.com\/fr\/575244\/"},"modified":"2025-12-03T11:25:16","modified_gmt":"2025-12-03T11:25:16","slug":"trans-musicales-a-rennes-qui-sont-ces-deux-jeunes-artistes-qui-vont-succeder-a-stromae-et-zaho-de-sagazan","status":"publish","type":"post","link":"https:\/\/www.europesays.com\/fr\/575244\/","title":{"rendered":"Trans Musicales \u00e0 Rennes\u00a0: qui sont ces deux jeunes artistes qui vont succ\u00e9der \u00e0 \ufeffStromae\u00a0et Zaho de Sagazan\u00a0?"},"content":{"rendered":"<p>1 Asfar Shamsi<\/p>\n<p>Retenez bien ce nom. Avec sa musique qu\u2019elle d\u00e9crit de \u00ab pop post-rap \u00bb, Asfar Shamsi propose un show d\u00e9j\u00e0 bien rod\u00e9. Gr\u00e2ce \u00e0 une pr\u00e9sence sc\u00e9nique affirm\u00e9e, mais aussi \u00e0 ses morceaux entrainant, engag\u00e9s et ses punshlines percutantes. \u00ab Ma musique se veut tr\u00e8s populaire, il y a des m\u00e9lodies, donc il y a quelque chose de pop l\u00e0-dedans, d\u00e9crit l\u2019artiste Strasbourgeoise de 27 ans. Et post-rap aussi parce que mon \u00e9criture est tr\u00e8s inspir\u00e9e du rap. Il y a une structure de rime, il y a une fa\u00e7on d\u2019\u00e9crire et une place du texte qui est quand m\u00eame assez pr\u00e9pond\u00e9rante. Et \u00e7a, je l\u2019ai pris au rap. \u00bb<\/p>\n<p>La \u00ab pop post-rap \u00bb<\/p>\n<p>Au-del\u00e0 de sa fa\u00e7on d\u2019\u00e9crire, on retrouve aussi les r\u00e9f\u00e9rences au rap dans son titre 2006 qui cumule aujourd\u2019hui plusieurs millions de streams sur les plateformes. Dedans, Asfar Shamsi veut qu\u2019on lui rende \u00ab la France de M\u00e9lanie \u00bb en \u00e9chos au titre \u00ab Ma France \u00e0 Moi \u00bb de Diam\u2019s. Un titre qui fera, \u00e0 coup s\u00fbr, vibrer les murs de L\u2019Air Libre pendant <a href=\"https:\/\/www.letelegramme.fr\/ille-et-vilaine\/rennes-35000\/trans-musicales-a-rennes-rock-electro-rap-les-huit-groupes-a-ne-pas-rater-cette-annee-6937452.php\" target=\"_blank\" rel=\"noopener\">les cinq jours des Trans Musicales<\/a>.<\/p>\n<\/p>\n<p>Pass\u00e9e par le conservatoire qu\u2019elle a quitt\u00e9 tr\u00e8s jeune pour son c\u00f4t\u00e9 \u00ab tr\u00e8s scolaire et protocolaire \u00bb, l\u2019Alsacienne \u00ab cherchait un peu plus de libert\u00e9 \u00bb. \u00ab Donc je suis rentr\u00e9e dans la musique \u00e0 travers le rap \u00e0 l\u2019adolescence. Je trouvais que le rap \u00e9tait un acc\u00e8s assez d\u00e9mocratique \u00e0 la musique. Il ne fallait pas avoir de th\u00e9orie musicale solide ou il ne fallait pas bien ma\u00eetriser sa voix, mais juste \u00e9crire avec une certaine structure et \u00eatre dans le rythme, \u00e7a suffisait pour faire un truc bien. \u00bb<\/p>\n<p><img decoding=\"async\" src=\"https:\/\/www.europesays.com\/fr\/wp-content\/uploads\/2025\/12\/6930164fdb6d5c31d70b0772.1.jpeg\" width=\"480\" height=\"300\" class=\"web_golden_m\" loading=\"lazy\" alt=\"Asfar Shamsi sur la sc\u00e8ne du Th\u00e9\u00e2tre l\u2019Air Libre au Trans Musicales accompagn\u00e9e de ses deux musiciens.\"\/>Asfar Shamsi sur la sc\u00e8ne du Th\u00e9\u00e2tre l\u2019Air Libre au Trans Musicales accompagn\u00e9e de ses deux musiciens. (Photo Nico M\/Trans Musicales)<\/p>\n<p>Apr\u00e8s ses \u00e9tudes \u00e0 Science Po, l\u2019artiste alsacienne a travaill\u00e9 dans le conseil en politique \u00e9ducative. Une page qu\u2019elle a tourn\u00e9e en 2024 pour se consacrer \u00e0 100 % dans la musique. \u00ab J\u2019ai d\u00fb quitter mon travail parce que j\u2019avais trop de choses \u00e0 faire dans la musique, ce qui \u00e9tait plut\u00f4t bon signe. \u00bb<\/p>\n<p>2 Lynx IRL<\/p>\n<p>Lynx IRL est un personnage plein de folie avec sa cagoule aux petites oreilles de lynx sur la t\u00eate. Sur sc\u00e8ne, la Lilloise de 29 ans invite le public \u00e0 entrer dans son monde. \u00ab Je raconte des trucs, ma fa\u00e7on de voir la vie, un truc un peu absurde \u00bb. Un projet qui a commenc\u00e9 il y a seulement trois ans, le temps pour la jeune artiste \u00ab de d\u00e9finir petit \u00e0 petit mon monde \u00e0 moi et mes petits personnages \u00bb.<\/p>\n<\/p>\n<p>Passionn\u00e9e par le live elle a d\u00e9but\u00e9 avec des concerts et des opens Mic pour pr\u00e9senter son style qu\u2019elle qualifie de \u00ab rap alternatif \u00bb : \u00ab J\u2019utilise pas mal de sons qui viennent des jeux vid\u00e9o, de la base music anglaise avec des petites influences punk et aussi jazz. \u00bb Un cocktail d\u00e9tonant !<\/p>\n<blockquote><p>J&rsquo;ai jamais autant travaill\u00e9 de ma vie<\/p><\/blockquote>\n<p>Comme Asfar Shamsi qu\u2019elle a crois\u00e9 il y a trois ans \u00e0 Paris dans un atelier d\u2019\u00e9criture r\u00e9serv\u00e9e aux femmes, c\u2019est avec sa plume qu\u2019elle s\u2019amuse. \u00ab J\u2019ai commenc\u00e9 \u00e0 \u00e9crire quand j\u2019\u00e9tais ado. Que ce soit du rap, de la chanson, des po\u00e9sies ou des histoires. Mais il y a trois ans, je me suis vraiment mise en mode, maintenant je fais du rap. \u00bb<\/p>\n<p><img decoding=\"async\" src=\"https:\/\/www.europesays.com\/fr\/wp-content\/uploads\/2025\/12\/6930164fff4ae55fd1016135.1.jpeg\" width=\"480\" height=\"300\" class=\"web_golden_m\" loading=\"lazy\" alt=\"Lynx IRL invite le public dans son monde. Un concert d\u00e9tonnant sur la sc\u00e8ne de l\u2019Air Libre aux Trans Musicales de Rennes\"\/>Lynx IRL invite le public dans son monde. Un concert d\u00e9tonnant sur la sc\u00e8ne de l\u2019Air Libre aux Trans Musicales de Rennes (Photo Nico M\/Trans Musicales)<\/p>\n<p>Lynx IRL voit aujourd\u2019hui Les Trans Musicales comme un acc\u00e9l\u00e9rateur de carri\u00e8re. \u00ab J\u2019ai jamais autant travaill\u00e9 de ma vie. De base j\u2019\u00e9tais vraiment toute seule et je me d\u00e9brouillais avec la salle de mon quartier. Et l\u00e0, c\u2019est trop cool qu\u2019une opportunit\u00e9 aussi grosse ce soit pour d\u00e9fendre ce que je pr\u00e9f\u00e8re faire : le live. C\u2019est vraiment l\u2019occasion pour moi de step up dans mon show o\u00f9 de base il n\u2019y avait pas de sc\u00e9no, il n\u2019y avait m\u00eame pas de tenues, il n\u2019y avait rien du tout. \u00bb<\/p>\n<p>3 Un coup de projecteur<\/p>\n<p>\u00c0 l\u2019Aire Libre, les deux artistes vont b\u00e9n\u00e9ficier d\u2019un v\u00e9ritable coup de projecteur pour la suite de leur carri\u00e8re. Avant elles, des artistes comme Stromae, Zaho de Sagazan ou encore Yam\u00ea sont pass\u00e9s sur cette sc\u00e8ne avant d\u2019\u00eatre connus du grand public. \u00ab Les Trans Musicales c\u2019est un festival mythique. C\u2019est une forme de reconnaissance et de l\u00e9gitimation, appuie Asfar Shamsi. On conna\u00eet les grands noms qui sont pass\u00e9s par ici, donc se dire qu\u2019aujourd\u2019hui on a l\u2019occasion d\u2019\u00eatre l\u00e0, c\u2019est valorisant. \u00bb<\/p>\n<p>Un sentiment partag\u00e9 par Lynx IRL qui ressent aussi une certaine pression. \u00ab Je ne veux pas que le niveau redescende et qu\u2019on se dise : \u00ab oui mais c\u2019est parce que c\u2019est un petit projet \u00bb\ufeff. Je veux mettre la barre tr\u00e8s haut, que les gens prennent une claque. C\u2019est une grosse prise de risque pour ma part mais c\u2019est quelque chose que j\u2019aime bien faire, donc \u00e7a me va. \u00bb<\/p>\n<p><img decoding=\"async\" src=\"https:\/\/www.europesays.com\/fr\/wp-content\/uploads\/2025\/12\/6930164e72e09ce297088902.1.jpeg\" width=\"480\" height=\"300\" class=\"web_golden_m\" loading=\"lazy\" alt=\"Les deux artistes, Lynx IRL, \u00e0 gauche, et Asfar Shamsi, \u00e0 droite, proposent une co-cr\u00e9ation artistique in\u00e9dite aux Trans Musicales.\"\/>Les deux artistes, Lynx IRL, \u00e0 gauche, et Asfar Shamsi, \u00e0 droite, proposent une co-cr\u00e9ation artistique in\u00e9dite aux Trans Musicales. (Photo Nico M\/Trans Musicales)4 Une co-cr\u00e9ation in\u00e9dite<\/p>\n<p>Pour la premi\u00e8re fois, l\u2019\u00e9quipe des Trans Musicales a lanc\u00e9 un d\u00e9fi aux deux artistes : r\u00e9aliser une co-cr\u00e9ation. Apr\u00e8s 50 minutes sur sc\u00e8ne chacune en solo suit un quart d\u2019heure de \u00ab rencontre \u00bb entre les deux artistes. \u00ab On va pr\u00e9senter quelque chose qui sera in\u00e9dit, qui existera qu\u2019aux Trans&rsquo;. On a essay\u00e9 de trouver des mani\u00e8res intelligentes et cr\u00e9atives de nous m\u00e9langer dans la mesure o\u00f9 esth\u00e9tiquement on est assez \u00e9loign\u00e9es. C\u2019est ni 100 %, ni 100 % moi \u00bb, d\u00e9taille Asfar Shamsi.<\/p>\n<p>Les deux artistes se retrouvent sur sc\u00e8ne pour offrir une le\u00e7on de rap dans un face-\u00e0-face inspir\u00e9 des freestyles et des open Mic. \u00ab Il y a un truc dans l\u2019\u00e9criture qui nous rassemble, r\u00e9pond Asfar Shamsi. L\u2019id\u00e9e c\u2019est vraiment d\u2019honorer cette invitation \u00e0 partager l\u2019univers de l\u2019autre. \u00bb \u00ab \u00c7a sera du Asmynx Shams IRL \u00bb conclut en souriant Lynx IRL.<\/p>\n","protected":false},"excerpt":{"rendered":"1 Asfar Shamsi Retenez bien ce nom. Avec sa musique qu\u2019elle d\u00e9crit de \u00ab pop post-rap \u00bb, Asfar&hellip;\n","protected":false},"author":2,"featured_media":575245,"comment_status":"","ping_status":"","sticky":false,"template":"","format":"standard","meta":{"footnotes":""},"categories":[2821],"tags":[1111,11,829,3173,872,1777,674,3337,1011,27,848,873,12,584,25,67953,68558],"class_list":{"0":"post-575244","1":"post","2":"type-post","3":"status-publish","4":"format-standard","5":"has-post-thumbnail","7":"category-rennes","8":"tag-actu","9":"tag-actualites","10":"tag-bretagne","11":"tag-culture-a-rennes","12":"tag-culture-et-loisirs","13":"tag-eu","14":"tag-europe","15":"tag-festivals","16":"tag-fr","17":"tag-france","18":"tag-ille-et-vilaine","19":"tag-musique","20":"tag-news","21":"tag-rennes","22":"tag-republique-francaise","23":"tag-trans-musicales","24":"tag-trans-musicales-de-rennes"},"share_on_mastodon":{"url":"https:\/\/pubeurope.com\/@fr\/115655393330955314","error":""},"_links":{"self":[{"href":"https:\/\/www.europesays.com\/fr\/wp-json\/wp\/v2\/posts\/575244","targetHints":{"allow":["GET"]}}],"collection":[{"href":"https:\/\/www.europesays.com\/fr\/wp-json\/wp\/v2\/posts"}],"about":[{"href":"https:\/\/www.europesays.com\/fr\/wp-json\/wp\/v2\/types\/post"}],"author":[{"embeddable":true,"href":"https:\/\/www.europesays.com\/fr\/wp-json\/wp\/v2\/users\/2"}],"replies":[{"embeddable":true,"href":"https:\/\/www.europesays.com\/fr\/wp-json\/wp\/v2\/comments?post=575244"}],"version-history":[{"count":0,"href":"https:\/\/www.europesays.com\/fr\/wp-json\/wp\/v2\/posts\/575244\/revisions"}],"wp:featuredmedia":[{"embeddable":true,"href":"https:\/\/www.europesays.com\/fr\/wp-json\/wp\/v2\/media\/575245"}],"wp:attachment":[{"href":"https:\/\/www.europesays.com\/fr\/wp-json\/wp\/v2\/media?parent=575244"}],"wp:term":[{"taxonomy":"category","embeddable":true,"href":"https:\/\/www.europesays.com\/fr\/wp-json\/wp\/v2\/categories?post=575244"},{"taxonomy":"post_tag","embeddable":true,"href":"https:\/\/www.europesays.com\/fr\/wp-json\/wp\/v2\/tags?post=575244"}],"curies":[{"name":"wp","href":"https:\/\/api.w.org\/{rel}","templated":true}]}}