{"id":575246,"date":"2025-12-03T11:26:19","date_gmt":"2025-12-03T11:26:19","guid":{"rendered":"https:\/\/www.europesays.com\/fr\/575246\/"},"modified":"2025-12-03T11:26:19","modified_gmt":"2025-12-03T11:26:19","slug":"voici-la-reponse-de-la-marque-2","status":"publish","type":"post","link":"https:\/\/www.europesays.com\/fr\/575246\/","title":{"rendered":"voici la r\u00e9ponse de la marque"},"content":{"rendered":"<p>                    Par<br \/>\n        <strong><br \/>\n            <a href=\"https:\/\/actu.fr\/auteur\/ivan-capecchi\" title=\"Consulter tous les articles de Ivan CAPECCHI\" target=\"_blank\" rel=\"noopener\">Ivan CAPECCHI<\/a><br \/>\n                    <\/strong><\/p>\n<p>        Publi\u00e9 le<\/p>\n<p>            3 d\u00e9c. 2025 \u00e0 11h45        <\/p>\n<p>Pour d\u00e9crocher un <strong>stage de fin d\u2019\u00e9tudes<\/strong> chez <a href=\"https:\/\/actu.fr\/tag\/decathlon\" target=\"_blank\" rel=\"noopener\">Decathlon<\/a>, Thibaud Le Gal, \u00e9tudiant \u00e0 <strong>Strasbourg<\/strong>, a <strong>reproduit le logo de la marque de sport<\/strong> via <strong>Strava<\/strong>, une <strong>application de running<\/strong>. R\u00e9cemment, il a partag\u00e9 la r\u00e9ponse de l\u2019entreprise dans un post <a href=\"https:\/\/actu.fr\/sciences-technologie\/linkedin-va-utiliser-vos-donnees-pour-entrainer-son-ia-de-quelles-informations-parle-t-on-exactement_63385370.html\" target=\"_blank\" rel=\"noopener\">LinkedIn<\/a>.<\/p>\n<p>Il d\u00e9cide de postuler chez Decathlon par amour du sport et de l\u2019innovation<\/p>\n<p class=\" wall-content\">Thibaud, 22\u00a0ans, poursuit deux <strong>masters<\/strong> \u2013 un en pr\u00e9sentiel \u00e0 l\u2019<a href=\"https:\/\/actu.fr\/grand-est\/strasbourg_67482\/classement-de-shanghai-voici-la-position-de-l-universite-de-strasbourg-en-2025_63050122.html\" target=\"_blank\" rel=\"noopener\">universit\u00e9 de Strasbourg<\/a> et l\u2019autre \u00e0 distance \u00e0 l\u2019<a href=\"https:\/\/actu.fr\/ile-de-france\/orsay_91471\/essonne-l-universite-paris-saclay-grimpe-encore-dans-le-prestigieux-classement-de-shanghai_61493858.html\" target=\"_blank\" rel=\"noopener\">universit\u00e9 Paris-Saclay<\/a> \u2013 autour de <strong>l\u2019innovation<\/strong> et du <strong>management<\/strong>. S\u2019il a d\u00e9cid\u00e9 de postuler chez Decathlon, c\u2019est parce qu\u2019il \u00ab<strong>\u2009adore le sport<\/strong>\u2009\u00bb et qu\u2019il \u00ab\u2009en pratique au quotidien\u2009\u00bb, mais aussi parce qu\u2019il appr\u00e9cie l\u2019approche de la marque, qui <strong>place l\u2019innovation au c\u0153ur de ses pratiques<\/strong>.<\/p>\n<p>Le jeune homme s\u2019inspire des dessins Strava<\/p>\n<p class=\" wall-content\">\u00ab\u2009L\u2019ann\u00e9e derni\u00e8re, j\u2019avais d\u00e9croch\u00e9 un stage chez une agence qui s\u2019appelle Citron en <strong>reproduisant mon CV sur une bouteille de citron Pulco<\/strong>. Cette ann\u00e9e, je me suis demand\u00e9 ce que je pouvais faire d\u2019original et je me suis inspir\u00e9 des <a href=\"https:\/\/actu.fr\/ile-de-france\/paris_75056\/adepte-du-gps-drawing-il-parcourt-110-kilometres-dans-les-rues-de-paris-pour-dessiner-mario_62369809.html\" target=\"_blank\" rel=\"noopener\">dessins Strava<\/a>, comme ces Fran\u00e7ais qui, en 2024, <a href=\"https:\/\/www.20minutes.fr\/arts-stars\/insolite\/4076551-20240215-jo-paris-2024-deux-cyclistes-dessinent-anneaux-olympiques-strava-roulant-2-200-km\" target=\"_blank\" rel=\"noopener\">avaient reproduit les anneaux olympiques<\/a> par exemple\u2009\u00bb, explique Thibaud.<\/p>\n<p class=\" wall-content\">\n<p>Refus de Decathlon puis pourparlers<\/p>\n<p class=\" wall-content\">La r\u00e9ponse de Decathlon ne s\u2019est pas fait attendre\u2009: <strong>refus<\/strong>. Depuis, et alors que le post de Thibaud a pris de l\u2019ampleur sur LinkedIn, il a \u00e9t\u00e9 recontact\u00e9 par la marque.<\/p>\n<p class=\" wall-content\">\u00ab\u2009La candidature mentionn\u00e9e dans le post LinkedIn <strong>ne correspondait pas au profil recherch\u00e9 pour le poste vis\u00e9<\/strong>. Nos \u00e9quipes ont n\u00e9anmoins pris connaissance de sa d\u00e9marche et ont pu \u00e9changer avec lui. Il a \u00e9t\u00e9 <strong>orient\u00e9 vers des stages plus adapt\u00e9s \u00e0 son profil et ses comp\u00e9tences<\/strong> et d\u2019autres \u00e9quipes poursuivent actuellement l\u2019examen de sa candidature\u2009\u00bb, indique Decathlon, qui dit \u00ab<strong>\u2009saluer l\u2019initiative de ce jeune homme<\/strong>\u2009\u00bb.<\/p>\n<p class=\" wall-content\">De son c\u00f4t\u00e9, Thibaud pr\u00e9cise avoir eu \u00ab<strong>\u200925 propositions de stages<\/strong>\u2009\u00bb depuis la publication de son post. Sa d\u00e9cision n\u2019est pas encore arr\u00eat\u00e9e \u00e0 ce stade.<\/p>\n<p class=\" wall-content\">Personnalisez votre actualit\u00e9 en ajoutant vos villes et m\u00e9dias en favori avec <a href=\"https:\/\/moncompte.actu.fr\" title=\"D\u00e9couvez Mon Actu\" rel=\"nofollow noopener\" data-trk=\"{&quot;cta&quot;:{&quot;action&quot;:&quot;https:\\\/\\\/moncompte.actu.fr&quot;,&quot;category&quot;:&quot;mon compte&quot;,&quot;from&quot;:&quot;article footer&quot;,&quot;name&quot;:&quot;Mon actu&quot;,&quot;type&quot;:&quot;cta&quot;}}\" target=\"_blank\">Mon Actu<\/a>.<\/p>\n","protected":false},"excerpt":{"rendered":"Par Ivan CAPECCHI Publi\u00e9 le 3 d\u00e9c. 2025 \u00e0 11h45 Pour d\u00e9crocher un stage de fin d\u2019\u00e9tudes chez&hellip;\n","protected":false},"author":2,"featured_media":575247,"comment_status":"","ping_status":"","sticky":false,"template":"","format":"standard","meta":{"footnotes":""},"categories":[2820],"tags":[1111,11,7200,341,1777,674,1011,27,775,1757,12,25,640],"class_list":{"0":"post-575246","1":"post","2":"type-post","3":"status-publish","4":"format-standard","5":"has-post-thumbnail","7":"category-strasbourg","8":"tag-actu","9":"tag-actualites","10":"tag-decathlon","11":"tag-emploi","12":"tag-eu","13":"tag-europe","14":"tag-fr","15":"tag-france","16":"tag-grand-est","17":"tag-insolite","18":"tag-news","19":"tag-republique-francaise","20":"tag-strasbourg"},"share_on_mastodon":{"url":"https:\/\/pubeurope.com\/@fr\/115655395611968653","error":""},"_links":{"self":[{"href":"https:\/\/www.europesays.com\/fr\/wp-json\/wp\/v2\/posts\/575246","targetHints":{"allow":["GET"]}}],"collection":[{"href":"https:\/\/www.europesays.com\/fr\/wp-json\/wp\/v2\/posts"}],"about":[{"href":"https:\/\/www.europesays.com\/fr\/wp-json\/wp\/v2\/types\/post"}],"author":[{"embeddable":true,"href":"https:\/\/www.europesays.com\/fr\/wp-json\/wp\/v2\/users\/2"}],"replies":[{"embeddable":true,"href":"https:\/\/www.europesays.com\/fr\/wp-json\/wp\/v2\/comments?post=575246"}],"version-history":[{"count":0,"href":"https:\/\/www.europesays.com\/fr\/wp-json\/wp\/v2\/posts\/575246\/revisions"}],"wp:featuredmedia":[{"embeddable":true,"href":"https:\/\/www.europesays.com\/fr\/wp-json\/wp\/v2\/media\/575247"}],"wp:attachment":[{"href":"https:\/\/www.europesays.com\/fr\/wp-json\/wp\/v2\/media?parent=575246"}],"wp:term":[{"taxonomy":"category","embeddable":true,"href":"https:\/\/www.europesays.com\/fr\/wp-json\/wp\/v2\/categories?post=575246"},{"taxonomy":"post_tag","embeddable":true,"href":"https:\/\/www.europesays.com\/fr\/wp-json\/wp\/v2\/tags?post=575246"}],"curies":[{"name":"wp","href":"https:\/\/api.w.org\/{rel}","templated":true}]}}