{"id":575266,"date":"2025-12-03T11:39:09","date_gmt":"2025-12-03T11:39:09","guid":{"rendered":"https:\/\/www.europesays.com\/fr\/575266\/"},"modified":"2025-12-03T11:39:09","modified_gmt":"2025-12-03T11:39:09","slug":"vigilance-meteo-a-marseille-de-fortes-pluies-annoncees-les-secteurs-concernes","status":"publish","type":"post","link":"https:\/\/www.europesays.com\/fr\/575266\/","title":{"rendered":"Vigilance m\u00e9t\u00e9o \u00e0 Marseille. De fortes pluies annonc\u00e9es : les secteurs concern\u00e9s"},"content":{"rendered":"<p>                    Par<br \/>\n        <strong><br \/>\n            <a href=\"https:\/\/actu.fr\/auteur\/fabien-binacchi\" title=\"Consulter tous les articles de Fabien Binacchi\" target=\"_blank\" rel=\"noopener\">Fabien Binacchi<\/a><br \/>\n                    <\/strong><\/p>\n<p>        Publi\u00e9 le<\/p>\n<p>            3 d\u00e9c. 2025 \u00e0 12h14        <\/p>\n<p>Encore relativement cl\u00e9mente en cette matin\u00e9e du mercredi 3\u00a0d\u00e9cembre 2025, la m\u00e9t\u00e9o risque de tourner au vinaigre \u00e0 <a href=\"https:\/\/actu.fr\/marseille\/\" target=\"_blank\" rel=\"noopener\">Marseille.<\/a> M\u00e9t\u00e9o-France s\u2019attend \u00e0 <strong>des cumuls de pluie qui \u00ab\u2009pourront \u00eatre localement importants<\/strong> sur le littoral des <a href=\"https:\/\/actu.fr\/provence-alpes-cote-d-azur\/bouches-du-rhone_13\" target=\"_blank\" rel=\"noopener\">Bouches-du-Rh\u00f4ne<\/a>\u2009\u00bb.<\/p>\n<p class=\" wall-content\">Voici \u00e0 quoi s\u2019attendre.<\/p>\n<p>Alerte activ\u00e9e jusqu\u2019\u00e0 22h<\/p>\n<p class=\" wall-content\">Marseille et le d\u00e9partement des Bouches-du-Rh\u00f4ne sont concern\u00e9s par une vigilance jaune aux \u00ab\u2009orages\u2009\u00bb et pour le risque de \u00ab\u2009pluie-inondation\u2009\u00bb jusqu\u2019\u00e0 22h ce mercredi.<\/p>\n<p class=\" wall-content\">\n<p class=\" wall-content\">M\u00e9t\u00e9o-France \u00e9voque <strong>\u00ab\u2009des remont\u00e9es pluvio-orageuses\u2009\u00bb<\/strong> avec des cumuls de pr\u00e9cipitations qui \u00ab\u2009pourront \u00eatre localement importants d\u2019ici \u00e0 la fin de la journ\u00e9e\u2009\u00bb. Et l\u2019organisme cible notamment le littoral des Bouches-du-Rh\u00f4ne et du Var<\/p>\n<p>Pas d\u2019accalmie avant le d\u00e9but de la nuit<\/p>\n<p class=\" wall-content\">Selon les pr\u00e9visions, la pluie, g\u00e9n\u00e9ralis\u00e9e ce mercredi apr\u00e8s-midi, <strong>s\u2019intensifie encore au cours de la soir\u00e9e<\/strong> dans le sud-est du d\u00e9partement, et particuli\u00e8rement \u00e0 Marseille.<\/p>\n<p class=\" wall-content\">La pr\u00e9fecture recommande de se tenir inform\u00e9 de la situation. <strong>Les pr\u00e9visions pouvant \u00eatre amen\u00e9es \u00e0 \u00ab\u2009\u00e9voluer\u2009\u00bb,<\/strong> insistent les services de l\u2019\u00c9tat.<\/p>\n<p class=\" wall-content\">Une accalmie n\u2019est attendue qu\u2019\u00ab\u2009en d\u00e9but de nuit seulement\u2009\u00bb, pr\u00e9vient le m\u00e9t\u00e9orologue ind\u00e9pendant Paul Marquis, fondateur de <a href=\"https:\/\/www.facebook.com\/lameteodu13\" target=\"_blank\" rel=\"noopener\">La M\u00e9t\u00e9o du 13.<\/a><\/p>\n<p class=\" wall-content\">Personnalisez votre actualit\u00e9 en ajoutant vos villes et m\u00e9dias en favori avec <a href=\"https:\/\/moncompte.actu.fr\" title=\"D\u00e9couvez Mon Actu\" rel=\"nofollow noopener\" data-trk=\"{&quot;cta&quot;:{&quot;action&quot;:&quot;https:\\\/\\\/moncompte.actu.fr&quot;,&quot;category&quot;:&quot;mon compte&quot;,&quot;from&quot;:&quot;article footer&quot;,&quot;name&quot;:&quot;Mon actu&quot;,&quot;type&quot;:&quot;cta&quot;}}\" target=\"_blank\">Mon Actu<\/a>.<\/p>\n","protected":false},"excerpt":{"rendered":"Par Fabien Binacchi Publi\u00e9 le 3 d\u00e9c. 2025 \u00e0 12h14 Encore relativement cl\u00e9mente en cette matin\u00e9e du mercredi&hellip;\n","protected":false},"author":2,"featured_media":28583,"comment_status":"","ping_status":"","sticky":false,"template":"","format":"standard","meta":{"footnotes":""},"categories":[2814],"tags":[1111,11,1777,674,1011,27,884,2487,2357,12,4459,882,25],"class_list":{"0":"post-575266","1":"post","2":"type-post","3":"status-publish","4":"format-standard","5":"has-post-thumbnail","7":"category-marseille","8":"tag-actu","9":"tag-actualites","10":"tag-eu","11":"tag-europe","12":"tag-fr","13":"tag-france","14":"tag-marseille","15":"tag-meteo","16":"tag-meteo-france","17":"tag-news","18":"tag-pluie","19":"tag-provence-alpes-cote-dazur","20":"tag-republique-francaise"},"share_on_mastodon":{"url":"https:\/\/pubeurope.com\/@fr\/115655446738295276","error":""},"_links":{"self":[{"href":"https:\/\/www.europesays.com\/fr\/wp-json\/wp\/v2\/posts\/575266","targetHints":{"allow":["GET"]}}],"collection":[{"href":"https:\/\/www.europesays.com\/fr\/wp-json\/wp\/v2\/posts"}],"about":[{"href":"https:\/\/www.europesays.com\/fr\/wp-json\/wp\/v2\/types\/post"}],"author":[{"embeddable":true,"href":"https:\/\/www.europesays.com\/fr\/wp-json\/wp\/v2\/users\/2"}],"replies":[{"embeddable":true,"href":"https:\/\/www.europesays.com\/fr\/wp-json\/wp\/v2\/comments?post=575266"}],"version-history":[{"count":0,"href":"https:\/\/www.europesays.com\/fr\/wp-json\/wp\/v2\/posts\/575266\/revisions"}],"wp:featuredmedia":[{"embeddable":true,"href":"https:\/\/www.europesays.com\/fr\/wp-json\/wp\/v2\/media\/28583"}],"wp:attachment":[{"href":"https:\/\/www.europesays.com\/fr\/wp-json\/wp\/v2\/media?parent=575266"}],"wp:term":[{"taxonomy":"category","embeddable":true,"href":"https:\/\/www.europesays.com\/fr\/wp-json\/wp\/v2\/categories?post=575266"},{"taxonomy":"post_tag","embeddable":true,"href":"https:\/\/www.europesays.com\/fr\/wp-json\/wp\/v2\/tags?post=575266"}],"curies":[{"name":"wp","href":"https:\/\/api.w.org\/{rel}","templated":true}]}}