{"id":575267,"date":"2025-12-03T11:40:12","date_gmt":"2025-12-03T11:40:12","guid":{"rendered":"https:\/\/www.europesays.com\/fr\/575267\/"},"modified":"2025-12-03T11:40:12","modified_gmt":"2025-12-03T11:40:12","slug":"pas-de-chamboulement-selon-le-directeur-academique","status":"publish","type":"post","link":"https:\/\/www.europesays.com\/fr\/575267\/","title":{"rendered":"pas de \u00ab\u00a0chamboulement\u00a0\u00bb selon le directeur acad\u00e9mique"},"content":{"rendered":"<p>Selon l&rsquo;IA-DASEN <a href=\"https:\/\/www.laprovence.com\/article\/societe\/1186822964719814\/galere-en-vue-a-la-cantine-pour-les-enfants-en-situation-de-handicap-scolarises-a-aubagne\" target=\"_blank\" rel=\"noopener\">Jean-Yves Bessol, l<\/a>es inqui\u00e9tudes des syndicats \u00e0 l&rsquo;\u00e9gard des r\u00e9organisations dans le syst\u00e8me des remplacements de professeur(e)s d&rsquo;\u00e9cole (<a href=\"https:\/\/www.laprovence.com\/article\/societe\/1695888233239714\/remplacements-dans-les-ecoles-une-intersyndicale-veut-garantir-un-contingent-dans-les-bouches-du-rhone\" target=\"_blank\" rel=\"noopener\">lire notre \u00e9dition du 2 d\u00e9cembre 2025<\/a>) n&rsquo;ont pas lieu d&rsquo;\u00eatre. \u00ab\u00a0L&rsquo;organisation ne sera pas chamboul\u00e9e, promet-il, on ne touche pas au nombre d&#8217;emplois dans le d\u00e9partement. Ce qui change, c&rsquo;est que toutes les circonscriptions auront une vue sur l&rsquo;ensemble du d\u00e9partement, mais je ne vais pas envoyer, par exemple, quelqu&rsquo;un du bassin de Cassis \u00e0 Arles\u00a0\u00bb.<\/p>\n<p>Selon le directeur acad\u00e9mique, ces modifications \u00ab\u00a0ne devraient pas changer les r\u00e9mun\u00e9rations\u00a0\u00bb, et \u00ab\u00a0la formation continue ne sera pas affaiblie\u00a0\u00bb, autres points d&rsquo;achoppement soulev\u00e9s par les repr\u00e9sentants.<\/p>\n<p>Jean-Yves Bessol estime qu'\u00a0\u00bbon (les syndicats, Ndlr.) est en train d&rsquo;affoler les personnels alors que les r\u00e9unions de travail n&rsquo;ont pas toutes eu lieu\u00a0\u00bb. La prochaine est d&rsquo;ailleurs pr\u00e9vue ce jeudi 4 d\u00e9cembre 2025 \u00e0 <a href=\"https:\/\/www.laprovence.com\/region\/Edition-marseille\" target=\"_blank\" rel=\"noopener\">Marseille, <\/a>jour de la mobilisation pr\u00e9vue par l&rsquo;intersyndicale.<\/p>\n","protected":false},"excerpt":{"rendered":"Selon l&rsquo;IA-DASEN Jean-Yves Bessol, les inqui\u00e9tudes des syndicats \u00e0 l&rsquo;\u00e9gard des r\u00e9organisations dans le syst\u00e8me des remplacements de&hellip;\n","protected":false},"author":2,"featured_media":575268,"comment_status":"","ping_status":"","sticky":false,"template":"","format":"standard","meta":{"footnotes":""},"categories":[2814],"tags":[17,1111,11,68973,68972,1446,4019,1777,674,1011,27,151,884,12,5261,882,68715,25,104],"class_list":{"0":"post-575267","1":"post","2":"type-post","3":"status-publish","4":"format-standard","5":"has-post-thumbnail","7":"category-marseille","8":"tag-17","9":"tag-actu","10":"tag-actualites","11":"tag-chamboulement","12":"tag-daix-marseille","13":"tag-dans","14":"tag-ecoles","15":"tag-eu","16":"tag-europe","17":"tag-fr","18":"tag-france","19":"tag-les","20":"tag-marseille","21":"tag-news","22":"tag-pas","23":"tag-provence-alpes-cote-dazur","24":"tag-remplacements","25":"tag-republique-francaise","26":"tag-societe"},"share_on_mastodon":{"url":"https:\/\/pubeurope.com\/@fr\/115655451248766496","error":""},"_links":{"self":[{"href":"https:\/\/www.europesays.com\/fr\/wp-json\/wp\/v2\/posts\/575267","targetHints":{"allow":["GET"]}}],"collection":[{"href":"https:\/\/www.europesays.com\/fr\/wp-json\/wp\/v2\/posts"}],"about":[{"href":"https:\/\/www.europesays.com\/fr\/wp-json\/wp\/v2\/types\/post"}],"author":[{"embeddable":true,"href":"https:\/\/www.europesays.com\/fr\/wp-json\/wp\/v2\/users\/2"}],"replies":[{"embeddable":true,"href":"https:\/\/www.europesays.com\/fr\/wp-json\/wp\/v2\/comments?post=575267"}],"version-history":[{"count":0,"href":"https:\/\/www.europesays.com\/fr\/wp-json\/wp\/v2\/posts\/575267\/revisions"}],"wp:featuredmedia":[{"embeddable":true,"href":"https:\/\/www.europesays.com\/fr\/wp-json\/wp\/v2\/media\/575268"}],"wp:attachment":[{"href":"https:\/\/www.europesays.com\/fr\/wp-json\/wp\/v2\/media?parent=575267"}],"wp:term":[{"taxonomy":"category","embeddable":true,"href":"https:\/\/www.europesays.com\/fr\/wp-json\/wp\/v2\/categories?post=575267"},{"taxonomy":"post_tag","embeddable":true,"href":"https:\/\/www.europesays.com\/fr\/wp-json\/wp\/v2\/tags?post=575267"}],"curies":[{"name":"wp","href":"https:\/\/api.w.org\/{rel}","templated":true}]}}