{"id":575273,"date":"2025-12-03T11:44:13","date_gmt":"2025-12-03T11:44:13","guid":{"rendered":"https:\/\/www.europesays.com\/fr\/575273\/"},"modified":"2025-12-03T11:44:13","modified_gmt":"2025-12-03T11:44:13","slug":"management-toxique-bebe-intoxique-dans-un-incendie-et-incivilites-canines-linfo-a-midi-en-ile-de-france","status":"publish","type":"post","link":"https:\/\/www.europesays.com\/fr\/575273\/","title":{"rendered":"Management toxique, b\u00e9b\u00e9 intoxiqu\u00e9 dans un incendie et incivilit\u00e9s canines&#8230; L\u2019info \u00e0 midi en \u00cele-de-France"},"content":{"rendered":"<p>                    Par<br \/>\n        <strong><br \/>\n            <a href=\"https:\/\/actu.fr\/auteur\/redaction-essonne\" title=\"Consulter tous les articles de R\u00e9daction Essonne\" target=\"_blank\" rel=\"noopener\">R\u00e9daction Essonne<\/a><br \/>\n                    <\/strong><\/p>\n<p>        Publi\u00e9 le<\/p>\n<p>            3 d\u00e9c. 2025 \u00e0 12h30        <\/p>\n<p>Dans l\u2019actualit\u00e9 de ce mercredi 3\u00a0d\u00e9cembre 2025, des <strong>salari\u00e9s d\u2019Iris Galerie<\/strong> se confient \u00e0 actu Paris sur leur exp\u00e9rience au sein de l\u2019enseigne prosp\u00e8re.<\/p>\n<p class=\" wall-content\">En Seine-et-Marne, une bougie a mis le feu \u00e0 un appartement, dans un immeuble de <strong>Nemours<\/strong> en cours de r\u00e9novation. Dix personnes, dont plusieurs enfants, ont \u00e9t\u00e9 intoxiqu\u00e9es par les fum\u00e9es.<\/p>\n<p class=\" wall-content\">Dans les Hauts-de-Seine, Lies Messatfa, candidat \u00e0 la mairie de <strong>Levallois<\/strong>, a de nombreuses id\u00e9es pour sa commune. Parmi lesquelles une assez originale pour lutter contre les \u00ab\u2009incivilit\u00e9s canines\u2009\u00bb.<\/p>\n<p class=\" wall-content\">Dans les Yvelines, la gendarmerie de <strong>Mantes-la-Jolie<\/strong> a inaugur\u00e9 une salle d\u2019audition des mineurs alors que les violences intrafamiliales font 300 victimes par an dans la ville.<\/p>\n<p class=\" wall-content\">Enfin, dans le Val-d\u2019Oise, un chasseur s\u2019est noy\u00e9 en portant secours \u00e0 son chien tomb\u00e9 dans un plan d\u2019eau \u00e0 <strong>Maud\u00e9tour-en-Vexin.<\/strong><\/p>\n<p>Les infos \u00e0 retenir<\/p>\n<p class=\"expresso-item wall-content\"><strong>Paris \u2013 <\/strong><a title=\"Lire l&#039;article\" href=\"https:\/\/actu.fr\/ile-de-france\/paris_75056\/j-ai-songe-au-suicide-des-salaries-denoncent-un-management-toxique-chez-iris-galerie_63449158.html\" target=\"_blank\" rel=\"noopener\"><strong>\u00ab\u2009J\u2019ai song\u00e9 au suicide\u2009\u00bb\u2009: \u00e0 Paris, des salari\u00e9s d\u00e9noncent un management toxique chez Iris Galerie<\/strong><\/a><br \/>Des conditions de travail \u00ab\u2009ex\u00e9crables\u2009\u00bb, un management \u00ab\u2009toxique\u2009\u00bb\u2026 Des salari\u00e9s d\u2019Iris Galerie se confient \u00e0 actu Paris sur leur exp\u00e9rience au sein de l\u2019enseigne prosp\u00e8re.<\/p>\n<p class=\"expresso-item wall-content\"><strong>Seine-et-Marne\u00a0\u2013 <\/strong><a title=\"Lire l&#039;article\" href=\"https:\/\/actu.fr\/ile-de-france\/nemours_77333\/incendie-en-seine-et-marne-bebe-intoxique-chien-mort-les-decos-de-noel-prennent-feu-un-immeuble-evacue_63522035.html\" target=\"_blank\" rel=\"noopener\"><strong>Incendie\u2009: b\u00e9b\u00e9 intoxiqu\u00e9, chien mort\u2026 les d\u00e9cos de No\u00ebl prennent feu, un immeuble \u00e9vacu\u00e9<\/strong><\/a><br \/>Une bougie a mis le feu \u00e0 un appartement, dans un immeuble de Nemours en cours de r\u00e9novation. Dix personnes, dont plusieurs enfants, ont \u00e9t\u00e9 intoxiqu\u00e9es par les fum\u00e9es.<\/p>\n<p class=\"expresso-item wall-content\"><strong>Hauts-de-Seine \u2013 <\/strong><a title=\"Lire l&#039;article\" href=\"https:\/\/actu.fr\/ile-de-france\/levallois-perret_92044\/municipales-2026-a-levallois-ce-candidat-a-trouve-une-solution-radicale-contre-les-incivilites-canines_63514753.html\" target=\"_blank\" rel=\"noopener\"><strong>Municipales 2026. \u00c0 Levallois, ce candidat a trouv\u00e9 une solution (radicale) contre les \u00ab\u2009incivilit\u00e9s canines\u2009\u00bb<\/strong><\/a><br \/>Lies Messatfa, candidat \u00e0 la mairie de Levallois, a de nombreuses id\u00e9es pour sa commune. Parmi lesquelles une assez originale pour lutter contre les \u00ab\u2009incivilit\u00e9s canines\u2009\u00bb<\/p>\n<p class=\"expresso-item wall-content\"><strong>Yvelines \u2013 <\/strong><a title=\"Lire l&#039;article\" href=\"https:\/\/actu.fr\/ile-de-france\/mantes-la-jolie_78361\/les-violences-intrafamiliales-explosent-partout-a-mantes-ce-lieu-a-ete-imagine-pour-ecouter-les-enfants_63516443.html\" target=\"_blank\" rel=\"noopener\"><strong>\u00ab\u2009Les violences intrafamiliales explosent partout\u2009\u00bb\u2009: \u00e0 Mantes, ce lieu a \u00e9t\u00e9 imagin\u00e9 pour \u00e9couter les enfants<\/strong><\/a><br \/>Les violences intrafamiliales font 300 victimes par an \u00e0 Mantes-la-Jolie (Yvelines). Pour mieux traiter ces affaires, la gendarmerie a inaugur\u00e9 une salle d\u2019audition des mineurs.<\/p>\n<p class=\"expresso-item wall-content\"><strong>Val-d\u2019Oise \u2013<\/strong><a title=\"Lire l&#039;article\" href=\"https:\/\/actu.fr\/ile-de-france\/maudetour-en-vexin_95379\/val-doise-un-chasseur-se-noie-en-voulant-secourir-son-chien-tombe-dans-un-plan-deau_63522431.html\" target=\"_blank\" rel=\"noopener\"><strong> Un chasseur se noie en portant secours \u00e0 son chien tomb\u00e9 dans un plan d\u2019eau<\/strong><\/a><br \/>L\u2019homme de 41\u00a0ans est d\u00e9c\u00e9d\u00e9 lors d\u2019une partie de chasse sur le golf de Maud\u00e9tour-en-Vexin, mardi 2\u00a0d\u00e9cembre 2025. Il a \u00e9t\u00e9 retrouv\u00e9 par les pompiers \u00e0 4\u00a0m\u00e8tres de profondeur.<\/p>\n<p>Suivez-nous pour en savoir plus<\/p>\n<p class=\" wall-content\"><strong>Paris<\/strong>\u2009: retrouvez\u00a0actu\u00a0Paris\u00a0sur\u00a0<a href=\"https:\/\/www.facebook.com\/actufr.paris\/\" target=\"_blank\" rel=\"noopener\">Facebook<\/a>\u00a0et\u00a0<a href=\"https:\/\/twitter.com\/actufrparis\" target=\"_blank\" rel=\"noopener\">Twitter<\/a>\u2009;<br \/><strong>Seine-et-Marne<\/strong>\u2009: retrouvez\u00a0La R\u00e9publique de Seine-et-Marne (sud) sur\u00a0<a href=\"https:\/\/www.facebook.com\/RepubliqueSeineMarne\/\" target=\"_blank\" rel=\"noopener\">Facebook<\/a>\u00a0et\u00a0<a href=\"https:\/\/twitter.com\/LaRep77\" target=\"_blank\" rel=\"noopener\">Twitter<\/a>\u2009; La Marne (nord) sur\u00a0<a href=\"https:\/\/www.facebook.com\/journallarmarne\/?__tn__=%2Cd%2CP-R&amp;eid=ARDLZc91LaHbXzDwChLLLQJVMBLx_ABJremTC2-RG0CYvg0f4f8CLvbV5G1Lli4g_6QoXDcKkU1_LX1W\" target=\"_blank\" rel=\"noopener\">Facebook<\/a>\u00a0et\u00a0<a href=\"https:\/\/twitter.com\/JournalLaMarne\" target=\"_blank\" rel=\"noopener\">Twitter<\/a>\u2009; et\u00a0Le Pays Briard\u00a0sur\u00a0<a href=\"https:\/\/www.facebook.com\/LePaysBriard\/?ref=bookmarks\" target=\"_blank\" rel=\"noopener\">Facebook<\/a>\u00a0et\u00a0<a href=\"https:\/\/twitter.com\/LePaysBriard\" target=\"_blank\" rel=\"noopener\">Twitter<\/a>\u2009;<br \/><strong>Yvelines\u2009:<\/strong> retrouvez\u00a078actu\u00a0sur\u00a0<a href=\"https:\/\/www.facebook.com\/78actu\/\" target=\"_blank\" rel=\"noopener\">Facebook<\/a>\u00a0et\u00a0<a href=\"https:\/\/x.com\/78actu\">Twitter<\/a>\u2009;<br \/><strong>Essonne\u2009:<\/strong> retrouvez\u00a0actu Essonne\u00a0sur\u00a0<a href=\"https:\/\/www.facebook.com\/actuessonne\/?ref=br_rs\" target=\"_blank\" rel=\"noopener\">Facebook<\/a>\u00a0et\u00a0<a href=\"https:\/\/twitter.com\/ActuEssonne\" target=\"_blank\" rel=\"noopener\">Twitter<\/a>\u2009;<br \/><strong>Hauts-de-Seine\u2009:<\/strong> retrouvez\u00a0actu\u00a0Hauts-de-Seine\u00a0sur\u00a0<a href=\"https:\/\/www.facebook.com\/actufr.hautsdeseine\/\" target=\"_blank\" rel=\"noopener\">Facebook<\/a>\u00a0et\u00a0<a href=\"https:\/\/twitter.com\/actufr92\" target=\"_blank\" rel=\"noopener\">Twitter<\/a>\u2009;<br \/><strong>Seine-Saint-Denis\u2009:<\/strong> retrouvez actu Seine-Saint-Denis sur\u00a0<a href=\"https:\/\/www.facebook.com\/actufr.seinesaintdenis\/\" target=\"_blank\" rel=\"noopener\">Facebook<\/a>\u00a0et\u00a0<a href=\"https:\/\/x.com\/Actufr93\">Twitter<\/a>\u2009;<br \/><strong>Val-de-Marne\u2009:<\/strong> retrouvez actu Val-de-Marne sur\u00a0<a href=\"https:\/\/www.facebook.com\/actu94.valdemarne\/\" target=\"_blank\" rel=\"noopener\">Facebook<\/a>\u00a0et\u00a0<a href=\"https:\/\/x.com\/actufr94\">Twitter<\/a>\u2009;<br \/><strong>Val-d\u2019Oise\u2009:<\/strong> retrouvez La Gazette du Val-d\u2019Oise sur\u00a0<a href=\"https:\/\/x.com\/actufr94\">Twitter<\/a><\/p>\n<p class=\" wall-content\">Personnalisez votre actualit\u00e9 en ajoutant vos villes et m\u00e9dias en favori avec <a href=\"https:\/\/moncompte.actu.fr\" title=\"D\u00e9couvez Mon Actu\" rel=\"nofollow noopener\" data-trk=\"{&quot;cta&quot;:{&quot;action&quot;:&quot;https:\\\/\\\/moncompte.actu.fr&quot;,&quot;category&quot;:&quot;mon compte&quot;,&quot;from&quot;:&quot;article footer&quot;,&quot;name&quot;:&quot;Mon actu&quot;,&quot;type&quot;:&quot;cta&quot;}}\" target=\"_blank\">Mon Actu<\/a>.<\/p>\n<p>                    <script async src=\"https:\/\/platform.twitter.com\/widgets.js\" charset=\"utf-8\"><\/script><\/p>\n","protected":false},"excerpt":{"rendered":"Par R\u00e9daction Essonne Publi\u00e9 le 3 d\u00e9c. 2025 \u00e0 12h30 Dans l\u2019actualit\u00e9 de ce mercredi 3\u00a0d\u00e9cembre 2025, des&hellip;\n","protected":false},"author":2,"featured_media":575274,"comment_status":"","ping_status":"","sticky":false,"template":"","format":"standard","meta":{"footnotes":""},"categories":[1592],"tags":[1111,11,4850,1777,674,1011,27,662,1310,12,626,1311,25,104],"class_list":{"0":"post-575273","1":"post","2":"type-post","3":"status-publish","4":"format-standard","5":"has-post-thumbnail","7":"category-ile-de-france","8":"tag-actu","9":"tag-actualites","10":"tag-chien","11":"tag-eu","12":"tag-europe","13":"tag-fr","14":"tag-france","15":"tag-ile-de-france","16":"tag-incendie","17":"tag-news","18":"tag-paris","19":"tag-pompiers","20":"tag-republique-francaise","21":"tag-societe"},"share_on_mastodon":{"url":"https:\/\/pubeurope.com\/@fr\/115655466313394694","error":""},"_links":{"self":[{"href":"https:\/\/www.europesays.com\/fr\/wp-json\/wp\/v2\/posts\/575273","targetHints":{"allow":["GET"]}}],"collection":[{"href":"https:\/\/www.europesays.com\/fr\/wp-json\/wp\/v2\/posts"}],"about":[{"href":"https:\/\/www.europesays.com\/fr\/wp-json\/wp\/v2\/types\/post"}],"author":[{"embeddable":true,"href":"https:\/\/www.europesays.com\/fr\/wp-json\/wp\/v2\/users\/2"}],"replies":[{"embeddable":true,"href":"https:\/\/www.europesays.com\/fr\/wp-json\/wp\/v2\/comments?post=575273"}],"version-history":[{"count":0,"href":"https:\/\/www.europesays.com\/fr\/wp-json\/wp\/v2\/posts\/575273\/revisions"}],"wp:featuredmedia":[{"embeddable":true,"href":"https:\/\/www.europesays.com\/fr\/wp-json\/wp\/v2\/media\/575274"}],"wp:attachment":[{"href":"https:\/\/www.europesays.com\/fr\/wp-json\/wp\/v2\/media?parent=575273"}],"wp:term":[{"taxonomy":"category","embeddable":true,"href":"https:\/\/www.europesays.com\/fr\/wp-json\/wp\/v2\/categories?post=575273"},{"taxonomy":"post_tag","embeddable":true,"href":"https:\/\/www.europesays.com\/fr\/wp-json\/wp\/v2\/tags?post=575273"}],"curies":[{"name":"wp","href":"https:\/\/api.w.org\/{rel}","templated":true}]}}