{"id":575275,"date":"2025-12-03T11:45:16","date_gmt":"2025-12-03T11:45:16","guid":{"rendered":"https:\/\/www.europesays.com\/fr\/575275\/"},"modified":"2025-12-03T11:45:16","modified_gmt":"2025-12-03T11:45:16","slug":"a-paris-inauguration-de-la-maison-de-priere-pour-les-vocations","status":"publish","type":"post","link":"https:\/\/www.europesays.com\/fr\/575275\/","title":{"rendered":"\u00c0 Paris, inauguration de la Maison de pri\u00e8re pour les vocations"},"content":{"rendered":"<p>L&rsquo;\u00e9glise Saint-Germain-l&rsquo;Auxerrois, situ\u00e9e \u00a0au c\u0153ur de la capitale, va devenir l&rsquo;\u00e9glise du s\u00e9minaire de Paris ainsi qu&rsquo;une maison de pri\u00e8re pour les vocations. Elle aura pour mission d&rsquo;accompagner l&rsquo;\u00e9veil des vocations sacerdotales, religieuses et consacr\u00e9es au service des fid\u00e8les parisiens. Ce projet a \u00e9t\u00e9 initi\u00e9 il y a plusieurs ann\u00e9e mais l&rsquo;incendie de la cath\u00e9drale l&rsquo;a retard\u00e9. Le p\u00e8re Paul Quinson, recteur du s\u00e9minaire de Paris, \u00e9voque le bouleversement qu&rsquo;a provoqu\u00e9 cette trag\u00e9die. \u00ab\u00a0L&rsquo;incendie de Notre-Dame a fait que toute la liturgie de la cath\u00e9drale a \u00e9t\u00e9 transport\u00e9e dans l&rsquo;\u00e9glise Saint-Germain-l&rsquo;Auxerrois\u00a0\u00bb, ce qui a \u00ab\u00a0compl\u00e8tement bouscul\u00e9 la vie paroissiale\u00a0\u00bb.\u00a0<\/p>\n<p>Lorsque la cath\u00e9drale a de nouveau ouvert ses portes fin 2024, elle a retrouv\u00e9 son rythme liturgique. C&rsquo;est \u00e0 ce moment qu&rsquo;une petite \u00e9quipe de \u00ab\u00a0pilotage\u00a0\u00bb s&rsquo;est constitu\u00e9e au S\u00e9minaire, pour reprendre le projet. Le 6 juin dernier, Mgr Ulrich, l&rsquo;archev\u00eaque de Paris, a valid\u00e9 le projet propos\u00e9. Il pr\u00e9sidera la messe d&rsquo;inauguration le 7 d\u00e9cembre \u00e0 10H30. Ce projet n\u00e9cessite un changement de statut canonique pour l&rsquo;\u00e9glise.\u00a0<\/p>\n<p>\u00ab\u00a0Saint-Germain-l&rsquo;Auxerrois ne sera d\u00e9sormais plus une paroisse mais l&rsquo;\u00e9glise du s\u00e9minaire\u00a0\u00bb, explique le p\u00e8re Paul Quinson. \u00ab\u00a0Il n&rsquo;y aura plus de cur\u00e9 ni de vie paroissiale\u00a0\u00bb, l&rsquo;id\u00e9e \u00e9tant de faire de cette \u00e9glise \u00ab\u00a0un lieu d&rsquo;unit\u00e9 pour le S\u00e9minaire, afin que tous les temps forts qui le concerne s&rsquo;y d\u00e9roulent\u00a0\u00bb. C&rsquo;est le cas des admissions parmi les candidats au sacerdoce ou de la veill\u00e9e de pri\u00e8re pour les vocations qui pr\u00e9c\u00e8dent les ordinations du mois de juin.\u00a0<\/p>\n<blockquote>\n<p>De nombreuses personnes ignorent qu&rsquo;il y a un s\u00e9minaire \u00e0 Paris.\u00a0<\/p>\n<\/blockquote>\n<p>Ce projet comporte trois volets : la visibilit\u00e9 du S\u00e9minaire, la maison de pri\u00e8re pour les vocations et l&rsquo;accueil des touristes qui viennent du Louvre. La maison de pri\u00e8re pour les vocations a \u00e9t\u00e9 inspir\u00e9e par le patronage de saint Germain, ancien \u00e9v\u00eaque d&rsquo;Auxerre. \u00ab\u00a0Il y a dans l&rsquo;\u00e9glise une chapelle qui fait m\u00e9moire de la rencontre de saint Germain avec sainte Genevi\u00e8ve, qui a eu un r\u00f4le important pour la ville de Paris\u00a0\u00bb, indique le p\u00e8re Paul Quinson. Saint Germain et sainte Genevi\u00e8ve apparaissent comme \u00ab\u00a0deux figures spirituelles qui peuvent nous aider \u00e0 parler largement des vocations\u00a0\u00bb.\u00a0<\/p>\n<p>La messe d&rsquo;inauguration aura lieu le dimanche 7 d\u00e9cembre \u00e0 10H30, en l&rsquo;\u00e9glise Saint-Germain-l&rsquo;Auxerrois. Elle sera pr\u00e9sid\u00e9e par l&rsquo;archev\u00eaque de Paris, Mgr Ulrich, et sera suivie d&rsquo;un ap\u00e9ritif ouvert \u00e0 tous.\u00a0<\/p>\n","protected":false},"excerpt":{"rendered":"L&rsquo;\u00e9glise Saint-Germain-l&rsquo;Auxerrois, situ\u00e9e \u00a0au c\u0153ur de la capitale, va devenir l&rsquo;\u00e9glise du s\u00e9minaire de Paris ainsi qu&rsquo;une maison&hellip;\n","protected":false},"author":2,"featured_media":575276,"comment_status":"","ping_status":"","sticky":false,"template":"","format":"standard","meta":{"footnotes":""},"categories":[1888],"tags":[1111,1928,11,1927,1777,674,1011,27,12,1926,626,1925,25],"class_list":{"0":"post-575275","1":"post","2":"type-post","3":"status-publish","4":"format-standard","5":"has-post-thumbnail","7":"category-paris","8":"tag-actu","9":"tag-actu-paris","10":"tag-actualites","11":"tag-actualites-paris","12":"tag-eu","13":"tag-europe","14":"tag-fr","15":"tag-france","16":"tag-news","17":"tag-news-paris","18":"tag-paris","19":"tag-paris-news","20":"tag-republique-francaise"},"share_on_mastodon":{"url":"https:\/\/pubeurope.com\/@fr\/115655470361243564","error":""},"_links":{"self":[{"href":"https:\/\/www.europesays.com\/fr\/wp-json\/wp\/v2\/posts\/575275","targetHints":{"allow":["GET"]}}],"collection":[{"href":"https:\/\/www.europesays.com\/fr\/wp-json\/wp\/v2\/posts"}],"about":[{"href":"https:\/\/www.europesays.com\/fr\/wp-json\/wp\/v2\/types\/post"}],"author":[{"embeddable":true,"href":"https:\/\/www.europesays.com\/fr\/wp-json\/wp\/v2\/users\/2"}],"replies":[{"embeddable":true,"href":"https:\/\/www.europesays.com\/fr\/wp-json\/wp\/v2\/comments?post=575275"}],"version-history":[{"count":0,"href":"https:\/\/www.europesays.com\/fr\/wp-json\/wp\/v2\/posts\/575275\/revisions"}],"wp:featuredmedia":[{"embeddable":true,"href":"https:\/\/www.europesays.com\/fr\/wp-json\/wp\/v2\/media\/575276"}],"wp:attachment":[{"href":"https:\/\/www.europesays.com\/fr\/wp-json\/wp\/v2\/media?parent=575275"}],"wp:term":[{"taxonomy":"category","embeddable":true,"href":"https:\/\/www.europesays.com\/fr\/wp-json\/wp\/v2\/categories?post=575275"},{"taxonomy":"post_tag","embeddable":true,"href":"https:\/\/www.europesays.com\/fr\/wp-json\/wp\/v2\/tags?post=575275"}],"curies":[{"name":"wp","href":"https:\/\/api.w.org\/{rel}","templated":true}]}}