{"id":575277,"date":"2025-12-03T11:46:15","date_gmt":"2025-12-03T11:46:15","guid":{"rendered":"https:\/\/www.europesays.com\/fr\/575277\/"},"modified":"2025-12-03T11:46:15","modified_gmt":"2025-12-03T11:46:15","slug":"%f0%9f%8e%99%ef%b8%8fnews-pros-dugarry-paris-est-moins-dominateur-le-titre-peut-revenir-a-lens-ou-a-marseille-rmc-sport","status":"publish","type":"post","link":"https:\/\/www.europesays.com\/fr\/575277\/","title":{"rendered":"\ud83c\udf99\ufe0f[News-Pros] Dugarry : \u00ab\u00a0Paris est moins dominateur, le titre peut revenir \u00e0 Lens ou \u00e0 Marseille\u00a0\u00bb (RMC Sport)"},"content":{"rendered":"<p class=\"date\">\n\t\t\t\t\t\t\t\tPubli\u00e9 le 3 d\u00e9cembre 2025\t\t\t\t\t\t\t\t<\/p>\n<p>\t\t\t\t\t\t\t\t\t\t\t\t\t\t\t\t\t<img decoding=\"async\" class=\"img-responsive img-thumbnail\" src=\"https:\/\/www.europesays.com\/fr\/wp-content\/uploads\/2025\/12\/Breaking-News-2025-11-28T111727.193-1024x576.png\" alt=\"\"\/><\/p>\n<p>Au micro de RMC Sport, <strong>Christophe Dugarry<\/strong> a fait son analyse de la concurrence en Ligue 1 apr\u00e8s 14 journ\u00e9es.<\/p>\n<p>Selon le journaliste, les chances du Paris Saint-Germain sont r\u00e9duites. Il fait savoir que seuls Luis Enrique et ses poulains ont pour le moment des difficult\u00e9s \u00e0 exceller dans le championnat :<\/p>\n<p>\u00ab Paris est moins dominateur. Ils ont quatre points de moins par rapport \u00e0 la saison derni\u00e8re \u00bb, a-t-il d\u00e9clar\u00e9.<\/p>\n<p>Selon Christophe Dugarry, le titre pourrait revenir \u00e0 l\u2019Olympique de Marseille ou le RC Lens : \u00ab C\u2019est surtout Paris qui sous performe par rapport aux autres. J\u2019ai quand m\u00eame envie de croire que le titre peut revenir \u00e0 Lens ou Marseille, qui ont une marge de progression \u00bb.<\/p>\n<blockquote class=\"twitter-tweet\">\n<p lang=\"fr\" dir=\"ltr\">\ud83c\udfc6Le titre peut-il \u00e9chapper au PSG? <\/p>\n<p>Duga: \u00ab\u00a0Il sous-performe par rapport aux autres. Je ne sais pas ce qu&rsquo;il va se passer, mais j&rsquo;ai envie d&rsquo;y croire. Je trouve le premier tiers de championnat passionnant. Le PSG sera s\u00fbrement champion, mais j&rsquo;aime voir l&rsquo;OM et Lens s&rsquo;accrocher\u00a0\u00bb <a href=\"https:\/\/t.co\/lDdTN6idNi\">pic.twitter.com\/lDdTN6idNi<\/a><\/p>\n<p>\u2014 Rothen s&rsquo;enflamme (@Rothensenflamme) <a href=\"https:\/\/twitter.com\/Rothensenflamme\/status\/1995546476643004809?ref_src=twsrc%5Etfw\" target=\"_blank\" rel=\"noopener\">December 1, 2025<\/a><\/p><\/blockquote>\n<blockquote class=\"twitter-tweet\">\n<p lang=\"fr\" dir=\"ltr\">\ud83d\udd34\ud83d\udd35 \u00ab\u00a0Le titre ne peut pas \u00e9chapper au PSG. Il y a eu beaucoup de bless\u00e9s et cela a profit\u00e9 aux jeunes. Il faut \u00eatre patient avec eux bien qu&rsquo;ils affaiblissent le collectif, mais les Parisiens auront un tout autre visage en janvier\u00a0\u00bb, pense <a href=\"https:\/\/twitter.com\/RothenJerome?ref_src=twsrc%5Etfw\" target=\"_blank\" rel=\"noopener\">@RothenJerome<\/a>. <a href=\"https:\/\/t.co\/64dbENisNm\">pic.twitter.com\/64dbENisNm<\/a><\/p>\n<p>\u2014 Rothen s&rsquo;enflamme (@Rothensenflamme) <a href=\"https:\/\/twitter.com\/Rothensenflamme\/status\/1995551093779210534?ref_src=twsrc%5Etfw\" target=\"_blank\" rel=\"noopener\">December 1, 2025<\/a><\/p><\/blockquote>\n<blockquote class=\"twitter-tweet\">\n<p lang=\"fr\" dir=\"ltr\">Rothen inquiet pour le PSG en Ligue 1 ? \u00ab\u00a0Ce n&rsquo;est pas dramatique d&rsquo;avoir 30 points au bout de 14 journ\u00e9es.\u00a0\u00bb <a href=\"https:\/\/t.co\/Xxb1Ujisc4\">pic.twitter.com\/Xxb1Ujisc4<\/a><\/p>\n<p>\u2014 Rothen s&rsquo;enflamme (@Rothensenflamme) <a href=\"https:\/\/twitter.com\/Rothensenflamme\/status\/1995921570024317327?ref_src=twsrc%5Etfw\" target=\"_blank\" rel=\"noopener\">December 2, 2025<\/a><\/p><\/blockquote>\n<p class=\"content-etiquette\">\n\t\t\t\t\t\t\t\t\t<a href=\"https:\/\/www.lestitisdupsg.fr\/tag\/christophe-dugarry\/\" rel=\"tag noopener\" target=\"_blank\">Christophe Dugarry<\/a>\t\t\t\t\t\t\t\t<\/p>\n<p>\t\t\t\t\t\t\t<script async src=\"https:\/\/platform.twitter.com\/widgets.js\" charset=\"utf-8\"><\/script><\/p>\n","protected":false},"excerpt":{"rendered":"Publi\u00e9 le 3 d\u00e9cembre 2025 Au micro de RMC Sport, Christophe Dugarry a fait son analyse de la&hellip;\n","protected":false},"author":2,"featured_media":575278,"comment_status":"","ping_status":"","sticky":false,"template":"","format":"standard","meta":{"footnotes":""},"categories":[1888],"tags":[1111,1928,11,1927,1777,674,1011,27,12,1926,626,1925,25],"class_list":{"0":"post-575277","1":"post","2":"type-post","3":"status-publish","4":"format-standard","5":"has-post-thumbnail","7":"category-paris","8":"tag-actu","9":"tag-actu-paris","10":"tag-actualites","11":"tag-actualites-paris","12":"tag-eu","13":"tag-europe","14":"tag-fr","15":"tag-france","16":"tag-news","17":"tag-news-paris","18":"tag-paris","19":"tag-paris-news","20":"tag-republique-francaise"},"share_on_mastodon":{"url":"https:\/\/pubeurope.com\/@fr\/115655475420559261","error":""},"_links":{"self":[{"href":"https:\/\/www.europesays.com\/fr\/wp-json\/wp\/v2\/posts\/575277","targetHints":{"allow":["GET"]}}],"collection":[{"href":"https:\/\/www.europesays.com\/fr\/wp-json\/wp\/v2\/posts"}],"about":[{"href":"https:\/\/www.europesays.com\/fr\/wp-json\/wp\/v2\/types\/post"}],"author":[{"embeddable":true,"href":"https:\/\/www.europesays.com\/fr\/wp-json\/wp\/v2\/users\/2"}],"replies":[{"embeddable":true,"href":"https:\/\/www.europesays.com\/fr\/wp-json\/wp\/v2\/comments?post=575277"}],"version-history":[{"count":0,"href":"https:\/\/www.europesays.com\/fr\/wp-json\/wp\/v2\/posts\/575277\/revisions"}],"wp:featuredmedia":[{"embeddable":true,"href":"https:\/\/www.europesays.com\/fr\/wp-json\/wp\/v2\/media\/575278"}],"wp:attachment":[{"href":"https:\/\/www.europesays.com\/fr\/wp-json\/wp\/v2\/media?parent=575277"}],"wp:term":[{"taxonomy":"category","embeddable":true,"href":"https:\/\/www.europesays.com\/fr\/wp-json\/wp\/v2\/categories?post=575277"},{"taxonomy":"post_tag","embeddable":true,"href":"https:\/\/www.europesays.com\/fr\/wp-json\/wp\/v2\/tags?post=575277"}],"curies":[{"name":"wp","href":"https:\/\/api.w.org\/{rel}","templated":true}]}}