{"id":575287,"date":"2025-12-03T11:52:18","date_gmt":"2025-12-03T11:52:18","guid":{"rendered":"https:\/\/www.europesays.com\/fr\/575287\/"},"modified":"2025-12-03T11:52:18","modified_gmt":"2025-12-03T11:52:18","slug":"le-negociateur-ukrainien-oumerov-attendu-a-bruxelles-avant-les-usa-03-12-2025-a-1155","status":"publish","type":"post","link":"https:\/\/www.europesays.com\/fr\/575287\/","title":{"rendered":"Le n\u00e9gociateur ukrainien Oumerov attendu \u00e0 Bruxelles, avant les USA &#8211; 03\/12\/2025 \u00e0 11:55"},"content":{"rendered":"<p>        <img decoding=\"async\" src=\"https:\/\/www.europesays.com\/fr\/wp-content\/uploads\/2025\/12\/3d209cc6b7f95c7e8172704b8d1addec-760x508.jpg\" alt=\"Le ministre ukrainien de la d\u00e9fense Rustem Umerov en visite \u00e0 Berlin\" loading=\"eager\" fetchpriority=\"high\" width=\"760\" height=\"508\" style=\"max-width: 100%!important; height: auto;\"\/><\/p>\n<p class=\"c-image-news__legend\">Le ministre ukrainien de la d\u00e9fense Rustem Umerov en visite \u00e0 Berlin<\/p>\n<p>\n Le n\u00e9gociateur ukrainien Roustem Oumerov sera \u00e0 Bruxelles mercredi pour des discussions avec des responsables europ\u00e9ens et se rendra ensuite aux Etats-Unis, dans le cadre des \u00e9changes diplomatiques autour du plan am\u00e9ricain visant \u00e0 mettre fin \u00e0 la guerre en Ukraine, a d\u00e9clar\u00e9 le pr\u00e9sident Volodimir Zelensky.\n<\/p>\n<p>\n Roustem Oumerov, secr\u00e9taire du Conseil de d\u00e9fense et de s\u00e9curit\u00e9 nationale d&rsquo;Ukraine, rencontrera ses homologues europ\u00e9ens pour discuter de la r\u00e9union qui s&rsquo;est tenue mardi \u00e0 Moscou entre les repr\u00e9sentants de Washington et le pr\u00e9sident russe Vladimir Poutine.\n<\/p>\n<p>\n \u00ab\u00a0Ils discuteront aussi de la composante europ\u00e9enne de la n\u00e9cessaire architecture de s\u00e9curit\u00e9\u00a0\u00bb, a pr\u00e9cis\u00e9 le chef de l&rsquo;Etat ukrainien, de retour \u00e0 Kyiv apr\u00e8s ses visites \u00e0 Paris et Dublin, dans un message sur Telegram.\n<\/p>\n<p>\n Apr\u00e8s Bruxelles, Roustem Oumerov et le chef d&rsquo;\u00e9tat-major des forces arm\u00e9es ukrainiennes Andrii Hnatov s&rsquo;attelleront \u00e0 pr\u00e9parer une r\u00e9union aux Etats-Unis avec les \u00e9missaires de Donald Trump, a ajout\u00e9 Volodimir Zelensky.\n<\/p>\n<p>\n L&rsquo;envoy\u00e9 sp\u00e9cial de la Maison blanche, Steve Witkoff, et le gendre de Donald Trump, Jared Kushner, se sont entretenus mardi pendant cinq heures \u00e0 Moscou avec Vladimir Poutine, sans faire selon le Kremlin d&rsquo;avanc\u00e9e majeure en vue d&rsquo;un \u00e9ventuel accord.\n<\/p>\n<p>\n Le Kremlin a affirm\u00e9 mercredi que dans le cadre d&rsquo;un processus normal de n\u00e9gociations, Vladimir Poutine avait accept\u00e9 certaines propositions am\u00e9ricaines, qu&rsquo;il en avait rejet\u00e9 d&rsquo;autres, et que la Russie \u00e9tait pr\u00eate \u00e0 recevoir les n\u00e9gociateurs de Washington autant de fois que n\u00e9cessaire pour parvenir \u00e0 un compromis.\n<\/p>\n<p>\n (Tom Balmforth, avec Pavel Polityuk et Dmitry Antonov, Jean-St\u00e9phane Brosse pour la version fran\u00e7aise, \u00e9dit\u00e9 par Blandine H\u00e9nault)<\/p>\n","protected":false},"excerpt":{"rendered":"Le ministre ukrainien de la d\u00e9fense Rustem Umerov en visite \u00e0 Berlin Le n\u00e9gociateur ukrainien Roustem Oumerov sera&hellip;\n","protected":false},"author":2,"featured_media":575288,"comment_status":"","ping_status":"","sticky":false,"template":"","format":"standard","meta":{"footnotes":""},"categories":[1589],"tags":[400,11,398,408,405,73,1866,403,402,399,404,12,401,406,1864,1865,1863,308,407],"class_list":{"0":"post-575287","1":"post","2":"type-post","3":"status-publish","4":"format-standard","5":"has-post-thumbnail","7":"category-etats-unis","8":"tag-action-cac-40","9":"tag-actualites","10":"tag-bourse-de-paris","11":"tag-boursorama","12":"tag-cotations","13":"tag-etats-unis","14":"tag-etats-unis-damerique","15":"tag-indices-devises","16":"tag-investir","17":"tag-investissement","18":"tag-marche-boursier","19":"tag-news","20":"tag-sicav","21":"tag-trackers","22":"tag-united-states","23":"tag-united-states-of-america","24":"tag-us","25":"tag-usa","26":"tag-warrants"},"share_on_mastodon":{"url":"https:\/\/pubeurope.com\/@fr\/115655498592034447","error":""},"_links":{"self":[{"href":"https:\/\/www.europesays.com\/fr\/wp-json\/wp\/v2\/posts\/575287","targetHints":{"allow":["GET"]}}],"collection":[{"href":"https:\/\/www.europesays.com\/fr\/wp-json\/wp\/v2\/posts"}],"about":[{"href":"https:\/\/www.europesays.com\/fr\/wp-json\/wp\/v2\/types\/post"}],"author":[{"embeddable":true,"href":"https:\/\/www.europesays.com\/fr\/wp-json\/wp\/v2\/users\/2"}],"replies":[{"embeddable":true,"href":"https:\/\/www.europesays.com\/fr\/wp-json\/wp\/v2\/comments?post=575287"}],"version-history":[{"count":0,"href":"https:\/\/www.europesays.com\/fr\/wp-json\/wp\/v2\/posts\/575287\/revisions"}],"wp:featuredmedia":[{"embeddable":true,"href":"https:\/\/www.europesays.com\/fr\/wp-json\/wp\/v2\/media\/575288"}],"wp:attachment":[{"href":"https:\/\/www.europesays.com\/fr\/wp-json\/wp\/v2\/media?parent=575287"}],"wp:term":[{"taxonomy":"category","embeddable":true,"href":"https:\/\/www.europesays.com\/fr\/wp-json\/wp\/v2\/categories?post=575287"},{"taxonomy":"post_tag","embeddable":true,"href":"https:\/\/www.europesays.com\/fr\/wp-json\/wp\/v2\/tags?post=575287"}],"curies":[{"name":"wp","href":"https:\/\/api.w.org\/{rel}","templated":true}]}}