{"id":575291,"date":"2025-12-03T11:54:12","date_gmt":"2025-12-03T11:54:12","guid":{"rendered":"https:\/\/www.europesays.com\/fr\/575291\/"},"modified":"2025-12-03T11:54:12","modified_gmt":"2025-12-03T11:54:12","slug":"les-ventes-de-tesla-en-allemagne-chutent-de-202-en-novembre","status":"publish","type":"post","link":"https:\/\/www.europesays.com\/fr\/575291\/","title":{"rendered":"Les ventes de Tesla en Allemagne chutent de 20,2% en novembre"},"content":{"rendered":"<p>Le volume des ventes de Tesla en Allemagne a plong\u00e9 de 20,2% en novembre par rapport au m\u00eame mois de l&rsquo;an dernier, a indiqu\u00e9 mercredi l&rsquo;agence f\u00e9d\u00e9rale allemande du trafic routier (KBA), alors que les ventes de v\u00e9hicules \u00e9lectriques \u00e0 batterie ont progress\u00e9 dans l&rsquo;ensemble.<\/p>\n<p>Selon la KBA, Tesla a \u00e9coul\u00e9 1,763 voitures en Allemagne au mois de novembre, soit une baisse de 20,2% sur un an. Sur la p\u00e9riode allant de janvier \u00e0 novembre, le nombre de v\u00e9hicules Tesla vendus a chut\u00e9 de 48,4%, s&rsquo;\u00e9tablissant \u00e0 17,358 unit\u00e9s, en comparaison avec la m\u00eame p\u00e9riode de l&rsquo;ann\u00e9e pr\u00e9c\u00e9dente.<\/p>\n<p>\u00c0 l&rsquo;inverse, le nombre total de v\u00e9hicules \u00e9lectriques nouvellement immatricul\u00e9s a bondi de 58,5% en novembre, atteignant 55,741 unit\u00e9s, a pr\u00e9cis\u00e9 la KBA.<\/p>\n","protected":false},"excerpt":{"rendered":"Le volume des ventes de Tesla en Allemagne a plong\u00e9 de 20,2% en novembre par rapport au m\u00eame&hellip;\n","protected":false},"author":2,"featured_media":575292,"comment_status":"","ping_status":"","sticky":false,"template":"","format":"standard","meta":{"footnotes":""},"categories":[1587],"tags":[11,672,340,1804,1805,1803,1777,674,1801,12,1802],"class_list":{"0":"post-575291","1":"post","2":"type-post","3":"status-publish","4":"format-standard","5":"has-post-thumbnail","7":"category-allemagne","8":"tag-actualites","9":"tag-allemagne","10":"tag-bourse","11":"tag-bundesrepublik-deutschland","12":"tag-de","13":"tag-deutschland","14":"tag-eu","15":"tag-europe","16":"tag-germany","17":"tag-news","18":"tag-republique-federale-dallemagne"},"share_on_mastodon":{"url":"https:\/\/pubeurope.com\/@fr\/115655505621943454","error":""},"_links":{"self":[{"href":"https:\/\/www.europesays.com\/fr\/wp-json\/wp\/v2\/posts\/575291","targetHints":{"allow":["GET"]}}],"collection":[{"href":"https:\/\/www.europesays.com\/fr\/wp-json\/wp\/v2\/posts"}],"about":[{"href":"https:\/\/www.europesays.com\/fr\/wp-json\/wp\/v2\/types\/post"}],"author":[{"embeddable":true,"href":"https:\/\/www.europesays.com\/fr\/wp-json\/wp\/v2\/users\/2"}],"replies":[{"embeddable":true,"href":"https:\/\/www.europesays.com\/fr\/wp-json\/wp\/v2\/comments?post=575291"}],"version-history":[{"count":0,"href":"https:\/\/www.europesays.com\/fr\/wp-json\/wp\/v2\/posts\/575291\/revisions"}],"wp:featuredmedia":[{"embeddable":true,"href":"https:\/\/www.europesays.com\/fr\/wp-json\/wp\/v2\/media\/575292"}],"wp:attachment":[{"href":"https:\/\/www.europesays.com\/fr\/wp-json\/wp\/v2\/media?parent=575291"}],"wp:term":[{"taxonomy":"category","embeddable":true,"href":"https:\/\/www.europesays.com\/fr\/wp-json\/wp\/v2\/categories?post=575291"},{"taxonomy":"post_tag","embeddable":true,"href":"https:\/\/www.europesays.com\/fr\/wp-json\/wp\/v2\/tags?post=575291"}],"curies":[{"name":"wp","href":"https:\/\/api.w.org\/{rel}","templated":true}]}}