{"id":575305,"date":"2025-12-03T12:02:13","date_gmt":"2025-12-03T12:02:13","guid":{"rendered":"https:\/\/www.europesays.com\/fr\/575305\/"},"modified":"2025-12-03T12:02:13","modified_gmt":"2025-12-03T12:02:13","slug":"amicale-des-six-nations-les-resultats-du-tournoi-des-moins-de-18-ans","status":"publish","type":"post","link":"https:\/\/www.europesays.com\/fr\/575305\/","title":{"rendered":"Amicale des Six Nations : les r\u00e9sultats du tournoi des moins de 18 ans"},"content":{"rendered":"<p>\n                L\u2019Amicale organisait ses finales masculines et f\u00e9minines \u00e0 Antony. Elle conna\u00eet les \u00e9quipes de ligue qu\u2019elle am\u00e8nera assister \u00e0 des matchs du Tournoi des Six Nations.\n            <\/p>\n<p>Les finales du Tournoi des moins de 18 ans de l\u2019Amicale des Six Nations se sont d\u00e9roul\u00e9es les 8 et 9 novembre \u00e0 Antony. Il concernait des \u00e9quipes \u00e0 quinze pour les gar\u00e7ons et \u00e0 dix pour les filles. Les vainqueurs sont les Ligues Auvergne Rh\u00f4ne Alpes, Bretagne et Nouvelle Aquitaine. Les jeune Bretons seront du voyage de l&rsquo;Amicale en Ecosse (7-8-9 mars) et les deux autres \u00e9quipes  (Aura masculin et Nouvelle Aquitaine f\u00e9minines) seront invit\u00e9s pour France-Angleterre (14 mars). L\u2019ancien trois quart centre du Racing et des Bleus, Henry Chavancy, est  venu apporter les ballons de matchs \u00e0 chaque s\u00e9lection<\/p>\n<p>Les trois-cents jeunes ont \u00e9t\u00e9 invit\u00e9s par l&rsquo;Amicale au match des champions du Monde face aux champions d&rsquo;Europe au Stade de France. Le pr\u00e9sident de la FFR Florian Grill et son vice pr\u00e9sident S\u00e9bastien Carrez ont remis les m\u00e9dailles collector et les boucliers, entour\u00e9s de quatre pr\u00e9sidents des ligues Hauts de France (Claude Codron), Ile de France (Thierry Alliesse), Pays de la Loire (Hugues Meillereux), Auvergne Rh\u00f4ne Alpes (Thierry Tonnelier). <\/p>\n<p>Florian Grill pr\u00e9sent<\/p>\n<p>Ce Tournoi de la deuxi\u00e8me chance (car hors \u00e9lite) restera certainement un souvenir incroyable et inoubliable. \u00ab Certains ont peut-\u00eatre connu l\u00e0 un virage dans leur parcours rugbystique et peut-\u00eatre en reverront nous certains ou certaines en Equipe de France, \u00bb comme l&rsquo;a soulign\u00e9 Florian Grill. <\/p>\n<p>Ce Tournoi a aussi \u00e9t\u00e9 une premi\u00e8re exp\u00e9rience de Finales nationales pour des jeunes arbitres d&rsquo;acad\u00e9mie venus de toute la France. L&rsquo;Amicale a aussi \u00e9t\u00e9 honor\u00e9e du label \u00e9coresponsable \u00ab Fair Play For Planet \u00bb qui lui a \u00e9t\u00e9 remis par Julien Pierre, l\u2019ancien deuxi\u00e8me ligne international. <\/p>\n<p>L&rsquo;Amicale du Tournoi des VI Nations est fi\u00e8re et heureuse d&rsquo;avoir pu organiser cette comp\u00e9tition nationale que lui confie la FFR et qui concerne les 13 Ligues m\u00e9tropolitaines. <\/p>\n<p>Les journ\u00e9es ont \u00e9t\u00e9 marqu\u00e9es par une vraie atmosph\u00e8re de convivialit\u00e9, relay\u00e9e par le club d&rsquo;Antony qui avait planifi\u00e9 une grande journ\u00e9e de rugby : ces finales ont \u00e9t\u00e9 coupl\u00e9es avec un mini tournoi des \u00e9coles de rugby et un match de F\u00e9d\u00e9rale 2 qui opposait Antony \u00e0 Auxerre. L&rsquo;Amicale a aussi \u00e9t\u00e9 honor\u00e9e du label \u00e9coresponsable Fair Play For Planet qui lui a \u00e9t\u00e9 remis par Julien Pierre. <\/p>\n<p>On rappelle que l\u2019Amicale des Six Nations est une organisation fond\u00e9e en 1955 pour soutenir l\u2019\u00e9quipe de France. C\u2019est une fiert\u00e9 pour l\u2019Amicale que de montrer qu\u2019elle peut organiser de vraies \u00e9preuves pour m\u00e9riter le label que lui donne la FFR. Son pr\u00e9sident, l\u2019infatigable Michel Dubreuil y tient fermement. <\/p>\n<p>    Les r\u00e9sultats<\/p>\n<p>Groupe A : 1 Auvergne-Rh\u00f4ne-Alpes ; 2 Nouvelle-Aquitaine ; 3 Sud PACA. <\/p>\n<p>Groupe B : 1 Bretagne, 2 Bourgogne-Franche Comt\u00e9, 3 Hauts de France. <\/p>\n<p>1 Nouvelle Aquitaine<\/p>\n<p>2 Bretagne<\/p>\n<p>3 Sud PACA<\/p>\n<ul>\n<li><strong>Troph\u00e9es g\u00e9n\u00e9ration \u00ab Terre de XV \u00bb des Lyc\u00e9es Agricoles<\/strong><\/li>\n<\/ul>\n<p>U18 f\u00e9minins :<\/p>\n<p>1 Nord Atlantique <\/p>\n<p>2 Sud M\u00e9diterran\u00e9e<\/p>\n<p>U18 Masculins :<\/p>\n<p>1- Nord Atlantique <\/p>\n<p>2- Sud M\u00e9diterran\u00e9e<\/p>\n","protected":false},"excerpt":{"rendered":"L\u2019Amicale organisait ses finales masculines et f\u00e9minines \u00e0 Antony. Elle conna\u00eet les \u00e9quipes de ligue qu\u2019elle am\u00e8nera assister&hellip;\n","protected":false},"author":2,"featured_media":575306,"comment_status":"","ping_status":"","sticky":false,"template":"","format":"standard","meta":{"footnotes":""},"categories":[1416],"tags":[1011,27,479,1468,68796,60,68804],"class_list":{"0":"post-575305","1":"post","2":"type-post","3":"status-publish","4":"format-standard","5":"has-post-thumbnail","7":"category-rugby","8":"tag-fr","9":"tag-france","10":"tag-rugby","11":"tag-rugby-football","12":"tag-rugby-u00e0-xv","13":"tag-sports","14":"tag-tournoi-des-6-nations-2026"},"share_on_mastodon":{"url":"https:\/\/pubeurope.com\/@fr\/115655537895020682","error":""},"_links":{"self":[{"href":"https:\/\/www.europesays.com\/fr\/wp-json\/wp\/v2\/posts\/575305","targetHints":{"allow":["GET"]}}],"collection":[{"href":"https:\/\/www.europesays.com\/fr\/wp-json\/wp\/v2\/posts"}],"about":[{"href":"https:\/\/www.europesays.com\/fr\/wp-json\/wp\/v2\/types\/post"}],"author":[{"embeddable":true,"href":"https:\/\/www.europesays.com\/fr\/wp-json\/wp\/v2\/users\/2"}],"replies":[{"embeddable":true,"href":"https:\/\/www.europesays.com\/fr\/wp-json\/wp\/v2\/comments?post=575305"}],"version-history":[{"count":0,"href":"https:\/\/www.europesays.com\/fr\/wp-json\/wp\/v2\/posts\/575305\/revisions"}],"wp:featuredmedia":[{"embeddable":true,"href":"https:\/\/www.europesays.com\/fr\/wp-json\/wp\/v2\/media\/575306"}],"wp:attachment":[{"href":"https:\/\/www.europesays.com\/fr\/wp-json\/wp\/v2\/media?parent=575305"}],"wp:term":[{"taxonomy":"category","embeddable":true,"href":"https:\/\/www.europesays.com\/fr\/wp-json\/wp\/v2\/categories?post=575305"},{"taxonomy":"post_tag","embeddable":true,"href":"https:\/\/www.europesays.com\/fr\/wp-json\/wp\/v2\/tags?post=575305"}],"curies":[{"name":"wp","href":"https:\/\/api.w.org\/{rel}","templated":true}]}}