{"id":575311,"date":"2025-12-03T12:08:18","date_gmt":"2025-12-03T12:08:18","guid":{"rendered":"https:\/\/www.europesays.com\/fr\/575311\/"},"modified":"2025-12-03T12:08:18","modified_gmt":"2025-12-03T12:08:18","slug":"la-var-dans-le-football-vers-des-evolutions-majeures","status":"publish","type":"post","link":"https:\/\/www.europesays.com\/fr\/575311\/","title":{"rendered":"La VAR dans le football vers des \u00e9volutions majeures !"},"content":{"rendered":"<p><strong>Depuis, d\u00e9j\u00e0, plusieurs ann\u00e9es, la VAR (assistance vid\u00e9o \u00e0 l\u2019arbitrage) s\u2019est install\u00e9e dans le football. Elle suscite encore des d\u00e9bats, avec quelques choix qui restent incompr\u00e9hensibles (<a href=\"https:\/\/www.parisfans.fr\/l-1\/monaco-psg-explication-lunaire-dune-var-en-roue-libre-888923.html\" target=\"_blank\" rel=\"noopener\">comme lors de Monaco\/PSG samedi dernier<\/a>), mais a aussi corrig\u00e9 de nombreuses erreurs. D\u2019apr\u00e8s Talksport\u00a0et le journaliste Ben Jacobs, l\u2019id\u00e9e est dor\u00e9navant de couvrir davantage de situations.<\/strong><\/p>\n<p>La VAR sur les corners pour la Coupe du Monde.<\/p>\n<blockquote>\n<p>\u00ab\u00a0La proposition de la FIFA concernant l\u2019arbitrage vid\u00e9o sur les corners a \u00e9t\u00e9 rejet\u00e9e lors de la r\u00e9union de l\u2019IFAB (International Football Association Board) en octobre. Cependant, l\u2019instance dirigeante du football mondial a d\u00e9cid\u00e9 de maintenir cette id\u00e9e pour la Coupe du Monde cet \u00e9t\u00e9.<\/p>\n<p>La F\u00e9d\u00e9ration anglaise de football (FA) serait oppos\u00e9e \u00e0 cette proposition et, contrairement \u00e0 l\u2019avis de Colina, craint qu\u2019elle ne ralentisse le jeu, ne r\u00e9duise l\u2019influence des arbitres sur le terrain et n\u2019entra\u00eene, \u00e0 terme, le recours \u00e0 la VAR pour d\u2019autres aspects du jeu, comme les coups francs et les remises en jeu.<\/p>\n<\/blockquote>\n<p>Les seconds cartons jaunes devraient arriver.<\/p>\n<blockquote>\n<p>Toutefois, la plupart des ligues et des clubs s\u2019accordent sur le fait qu\u2019une autre proposition, l\u2019examen des seconds cartons jaunes, devrait faire partie des pouvoirs de la VAR. Ce changement devrait entrer en vigueur d\u00e8s la saison prochaine.<\/p>\n<p>L\u2019une des difficult\u00e9s li\u00e9es \u00e0 la gestion des corners par la VAR r\u00e9side dans l\u2019installation des cam\u00e9ras aux bons endroits pour obtenir une vue d\u00e9gag\u00e9e. La FIFA se dit confiante quant \u00e0 la faisabilit\u00e9 de cette solution pour la Coupe du Monde 2026, mais cela pourrait s\u2019av\u00e9rer plus complexe si le changement est mis en \u0153uvre pour les matchs nationaux.\u00a0\u00bb<\/p>\n<\/blockquote>\n<p>On se doute que ces ajouts susciteront encore des d\u00e9bats pour une VAR qui n\u2019arrive pas \u00e0 faire l\u2019unanimit\u00e9. Il y a les choix encore tr\u00e8s discutables des arbitres, qui am\u00e8nent \u00e0 dire que la vid\u00e9o n\u2019est pas une solution. Ce qui est cependant un peu injuste, car il y a bien des situations qui sont rectifi\u00e9es et \u00e9vitent de grandes frustrations.<\/p>\n<p>On comprend assez facilement la r\u00e9ticence sur le ralentissement du jeu. Il y a, parfois, des d\u00e9cisions terriblement longues. Avec plus de situations jug\u00e9es par la vid\u00e9o, on peut craindre un jeu hach\u00e9. C\u2019est le grand axe de travail. Au moins, pour les corners, il n\u2019y a pas vraiment d\u2019interpr\u00e9tation, contrairement \u00e0 certaines fautes. Le ballon est touch\u00e9 par un joueur ou un autre. Cela peut aider \u00e0 une analyse rapide, qui ne n\u00e9cessite m\u00eame pas que l\u2019arbitre central passe par l\u2019\u00e9cran.<\/p>\n<p>Quant aux seconds cartons jaunes, cela semble m\u00eame \u00eatre assez logique de les ajouter. C\u2019est parfois frustrant de savoir qu\u2019il n\u2019y a que le rouge direct. M\u00eame s\u2019il y a le risque, encore, d\u2019un ralentissement dans le jeu. L\u2019injustice est aussi toujours difficile \u00e0 vivre. De toute fa\u00e7on, il faut un travail sur le d\u00e9lai, sans oublier d\u2019\u00eatre coh\u00e9rent. Un dernier point qui manque trop souvent.<\/p>\n<p>\t\t\t\t\t\t\t\t\t\t\t\t\t\t\t\t\t\t\t\t\t\t\t<img loading=\"lazy\" src=\"https:\/\/www.europesays.com\/fr\/wp-content\/uploads\/2025\/04\/ParisFans_Logo.png\" decoding=\"async\" class=\"lazyload\" width=\"240\" height=\"54\" data-eio-rwidth=\"240\" data-eio-rheight=\"54\"\/><\/p>\n","protected":false},"excerpt":{"rendered":"Depuis, d\u00e9j\u00e0, plusieurs ann\u00e9es, la VAR (assistance vid\u00e9o \u00e0 l\u2019arbitrage) s\u2019est install\u00e9e dans le football. Elle suscite encore&hellip;\n","protected":false},"author":2,"featured_media":575312,"comment_status":"","ping_status":"","sticky":false,"template":"","format":"standard","meta":{"footnotes":""},"categories":[1410],"tags":[63,1011,27,60,96,7506],"class_list":{"0":"post-575311","1":"post","2":"type-post","3":"status-publish","4":"format-standard","5":"has-post-thumbnail","7":"category-football","8":"tag-football","9":"tag-fr","10":"tag-france","11":"tag-sports","12":"tag-une","13":"tag-var"},"share_on_mastodon":{"url":"https:\/\/pubeurope.com\/@fr\/115655561652989488","error":""},"_links":{"self":[{"href":"https:\/\/www.europesays.com\/fr\/wp-json\/wp\/v2\/posts\/575311","targetHints":{"allow":["GET"]}}],"collection":[{"href":"https:\/\/www.europesays.com\/fr\/wp-json\/wp\/v2\/posts"}],"about":[{"href":"https:\/\/www.europesays.com\/fr\/wp-json\/wp\/v2\/types\/post"}],"author":[{"embeddable":true,"href":"https:\/\/www.europesays.com\/fr\/wp-json\/wp\/v2\/users\/2"}],"replies":[{"embeddable":true,"href":"https:\/\/www.europesays.com\/fr\/wp-json\/wp\/v2\/comments?post=575311"}],"version-history":[{"count":0,"href":"https:\/\/www.europesays.com\/fr\/wp-json\/wp\/v2\/posts\/575311\/revisions"}],"wp:featuredmedia":[{"embeddable":true,"href":"https:\/\/www.europesays.com\/fr\/wp-json\/wp\/v2\/media\/575312"}],"wp:attachment":[{"href":"https:\/\/www.europesays.com\/fr\/wp-json\/wp\/v2\/media?parent=575311"}],"wp:term":[{"taxonomy":"category","embeddable":true,"href":"https:\/\/www.europesays.com\/fr\/wp-json\/wp\/v2\/categories?post=575311"},{"taxonomy":"post_tag","embeddable":true,"href":"https:\/\/www.europesays.com\/fr\/wp-json\/wp\/v2\/tags?post=575311"}],"curies":[{"name":"wp","href":"https:\/\/api.w.org\/{rel}","templated":true}]}}