{"id":575317,"date":"2025-12-03T12:12:21","date_gmt":"2025-12-03T12:12:21","guid":{"rendered":"https:\/\/www.europesays.com\/fr\/575317\/"},"modified":"2025-12-03T12:12:21","modified_gmt":"2025-12-03T12:12:21","slug":"canal-remet-de-la-presse-sans-surcout-dans-loffre-de-ses-abonnes-avec-le-lancement-de-la-presse-by-prisma","status":"publish","type":"post","link":"https:\/\/www.europesays.com\/fr\/575317\/","title":{"rendered":"Canal+ remet de la presse sans surco\u00fbt dans l&rsquo;offre de ses abonn\u00e9s avec le lancement de \u00ab La Presse by Prisma \u00bb"},"content":{"rendered":"<p>                                                                                                                                    <img decoding=\"async\" width=\"800\" height=\"450\" src=\"https:\/\/www.europesays.com\/fr\/wp-content\/uploads\/2025\/12\/Capture-de\u0301cran-2025-12-03-a\u0300-12.16.53-800x450-c-default.png\" class=\"featured-image tease-featured-image \" alt=\"Canal+ remet de la presse sans surco\u00fbt dans l\u2019offre de ses abonn\u00e9s avec le lancement de \u00ab La Presse by Prisma \u00bb\" fetchpriority=\"high\"\/><\/p>\n<p><strong>Pr\u00e8s d\u2019un an apr\u00e8s avoir mis un terme \u00e0 l\u2019inclusion du kiosque num\u00e9rique PassPresse dans ses abonnements, Canal+ fait discr\u00e8tement revenir des magazines pour ses abonn\u00e9s sous une nouvelle forme : \u00ab La Presse by Prisma \u00bb.<\/strong><\/p>\n<p data-start=\"298\" data-end=\"647\">Fin 2024, Canal+ avait en effet annonc\u00e9 le retrait du PassPresse, service lanc\u00e9 par Prisma Media et propos\u00e9 sans surco\u00fbt aux abonn\u00e9s Canal+ depuis septembre 2023. Les abonn\u00e9s devaient alors se tourner vers l\u2019abonnement payant factur\u00e9 9,99 \u20ac\/mois afin de continuer \u00e0 profiter du service. Bonne nouvelle, depuis aujourd\u2019hui, un nouveau service de presse de la m\u00eame filiale fait son apparition dans l\u2019\u00e9cosyst\u00e8me Canal+ : un corner\u00a0 baptis\u00e9 \u00ab La Presse by Prisma \u00bb, accessible depuis l\u2019application Canal+ dans la rubrique \u00ab Cha\u00eenes &amp; apps \u00bb puis \u00ab Applications partenaires \u00bb. Le groupe n\u2019a pas encore communiqu\u00e9 officiellement sur ce lancement, mais le service est d\u2019ores et d\u00e9j\u00e0 visible pour les abonn\u00e9s et propose des magazines en lecture num\u00e9rique, sans surco\u00fbt.<\/p>\n<p>Parmi les titres d\u00e9j\u00e0 mis en avant, on retrouve plusieurs marques fortes de Prisma Media et de ses partenaires : Prima, Cuisine Actuelle, T\u00e9l\u00e9 Loisirs, Femme Actuelle, Maison C\u00f4t\u00e9 Sud, Maison C\u00f4t\u00e9 Ouest, Voici, Ideat, Harper\u2019s Bazaar, Capital, \u00c7a m\u2019int\u00e9resse, GEO, Cuisine AZ, Vivre C\u00f4t\u00e9 Paris ou encore The Good Life. L\u2019acc\u00e8s est pour l\u2019instant propos\u00e9 sans surco\u00fbt aux abonn\u00e9s Canal+ via ce nouvel espace d\u00e9di\u00e9.<\/p>\n<p><img loading=\"lazy\" decoding=\"async\" class=\"lazyload alignnone size-medium wp-image-589037\" src=\"https:\/\/www.europesays.com\/fr\/wp-content\/uploads\/2025\/12\/Capture-de\u0301cran-2025-12-03-a\u0300-12.14.53-800x405.png\" alt=\"\" width=\"800\" height=\"405\"  data-\/><\/p>\n<p class=\"view_none\" style=\"color:red\"><a style=\"color:red\" href=\"https:\/\/www.universfreebox.com\/article\/589033\/canal-remet-de-la-presse-sans-surcout-dans-loffre-de-ses-abonnes-avec-le-lancement-de-la-presse-by-prisma\" target=\"_blank\" rel=\"noopener\">Cet article a \u00e9t\u00e9 repris sur le site Univers FreeBox<\/a> <\/p>\n","protected":false},"excerpt":{"rendered":"Pr\u00e8s d\u2019un an apr\u00e8s avoir mis un terme \u00e0 l\u2019inclusion du kiosque num\u00e9rique PassPresse dans ses abonnements, Canal+&hellip;\n","protected":false},"author":2,"featured_media":575318,"comment_status":"","ping_status":"","sticky":false,"template":"","format":"standard","meta":{"footnotes":""},"categories":[1356],"tags":[58,59,1011,27,252,1364],"class_list":{"0":"post-575317","1":"post","2":"type-post","3":"status-publish","4":"format-standard","5":"has-post-thumbnail","7":"category-television","8":"tag-divertissement","9":"tag-entertainment","10":"tag-fr","11":"tag-france","12":"tag-television","13":"tag-tv"},"share_on_mastodon":{"url":"https:\/\/pubeurope.com\/@fr\/115655577878472821","error":""},"_links":{"self":[{"href":"https:\/\/www.europesays.com\/fr\/wp-json\/wp\/v2\/posts\/575317","targetHints":{"allow":["GET"]}}],"collection":[{"href":"https:\/\/www.europesays.com\/fr\/wp-json\/wp\/v2\/posts"}],"about":[{"href":"https:\/\/www.europesays.com\/fr\/wp-json\/wp\/v2\/types\/post"}],"author":[{"embeddable":true,"href":"https:\/\/www.europesays.com\/fr\/wp-json\/wp\/v2\/users\/2"}],"replies":[{"embeddable":true,"href":"https:\/\/www.europesays.com\/fr\/wp-json\/wp\/v2\/comments?post=575317"}],"version-history":[{"count":0,"href":"https:\/\/www.europesays.com\/fr\/wp-json\/wp\/v2\/posts\/575317\/revisions"}],"wp:featuredmedia":[{"embeddable":true,"href":"https:\/\/www.europesays.com\/fr\/wp-json\/wp\/v2\/media\/575318"}],"wp:attachment":[{"href":"https:\/\/www.europesays.com\/fr\/wp-json\/wp\/v2\/media?parent=575317"}],"wp:term":[{"taxonomy":"category","embeddable":true,"href":"https:\/\/www.europesays.com\/fr\/wp-json\/wp\/v2\/categories?post=575317"},{"taxonomy":"post_tag","embeddable":true,"href":"https:\/\/www.europesays.com\/fr\/wp-json\/wp\/v2\/tags?post=575317"}],"curies":[{"name":"wp","href":"https:\/\/api.w.org\/{rel}","templated":true}]}}