{"id":575323,"date":"2025-12-03T12:15:31","date_gmt":"2025-12-03T12:15:31","guid":{"rendered":"https:\/\/www.europesays.com\/fr\/575323\/"},"modified":"2025-12-03T12:15:31","modified_gmt":"2025-12-03T12:15:31","slug":"smecta-toplexil-la-liste-noire-des-medicaments-a-eviter","status":"publish","type":"post","link":"https:\/\/www.europesays.com\/fr\/575323\/","title":{"rendered":"Smecta, toplexil : la liste noire des m\u00e9dicaments \u00e0 \u00e9viter"},"content":{"rendered":"<p>             <a href=\"https:\/\/ma-sante.news\/wp-content\/uploads\/2025\/12\/La-liste-des-medicaments-a-eviter-en-2026-ce-quil-faut-vraiment-savoir-ma-Sante-.jpg\" data-caption=\"La liste d\u00e9taill\u00e9e avec tous les noms, les indications et les justifications est disponible directement sur le site de Prescrire. \u00a9 Freepik\" target=\"_blank\" rel=\"noopener\"><img loading=\"lazy\" decoding=\"async\" width=\"696\" height=\"465\" class=\"entry-thumb td-modal-image ewww_webp_lazy_load\" src=\"data:image\/svg+xml,%3Csvg%20xmlns=\" http:=\"\" data-lazy- data-lazy- alt=\"Les m\u00e9dicaments \u00e0 \u00e9viter voire \u00e0 proscrire en 2026.\" title=\"La liste des me\u0301dicaments a\u0300 e\u0301viter en 2026 ce qu\u2019il faut vraiment savoir ma Sante\u0301\" data-lazy-src=\"https:\/\/www.europesays.com\/fr\/wp-content\/uploads\/2025\/12\/La-liste-des-medicaments-a-eviter-en-2026-ce-quil-faut-vraiment-savoir-ma-Sante--696x465.jpg\" data-lazy-src-webp=\"https:\/\/www.europesays.com\/fr\/wp-content\/uploads\/2025\/12\/La-liste-des-medicaments-a-eviter-en-2026-ce-quil-faut-vraiment-savoir-ma-Sante--696x465.jpg.webp\" data-lazy-srcset-webp=\"https:\/\/www.europesays.com\/fr\/wp-content\/uploads\/2025\/12\/La-liste-des-medicaments-a-eviter-en-2026-ce-quil-faut-vraiment-savoir-ma-Sante--696x465.jpg.webp 696w, https:\/\/ma-sante.news\/wp-content\/uploads\/2025\/12\/La-liste-des-medicaments-a-eviter-en-2026-ce-quil-faut-vraiment-savoir-ma-Sante--300x200.jpg.webp 300w, https:\/\/ma-sante.news\/wp-content\/uploads\/2025\/12\/La-liste-des-medicaments-a-eviter-en-2026-ce-quil-faut-vraiment-savoir-ma-Sante--768x513.jpg.webp 768w, https:\/\/ma-sante.news\/wp-content\/uploads\/2025\/12\/La-liste-des-medicaments-a-eviter-en-2026-ce-quil-faut-vraiment-savoir-ma-Sante--629x420.jpg.webp 629w, https:\/\/ma-sante.news\/wp-content\/uploads\/2025\/12\/La-liste-des-medicaments-a-eviter-en-2026-ce-quil-faut-vraiment-savoir-ma-Sante-.jpg.webp 800w\"\/><\/a>La liste d\u00e9taill\u00e9e avec tous les noms, les indications et les justifications est disponible directement sur le site de Prescrire. \u00a9 Freepik                                    \t\t\t             <a class=\"gofollow\" data-track=\"MjgsMCw2MA==\" href=\"https:\/\/ma-sante.news\/inscrivez-vous-a-notre-newsletter\/\" target=\"_blank\" rel=\"noopener\"><img loading=\"lazy\" decoding=\"async\" width=\"1068\" height=\"131\" src=\"data:image\/svg+xml,%3Csvg%20xmlns=\" http:=\"\" data-lazy-src=\"https:\/\/www.europesays.com\/fr\/wp-content\/uploads\/2025\/03\/banniere-newsletter.png\"\/><\/a> <\/p>\n<p>Chaque fin d\u2019ann\u00e9e, la revue <a href=\"https:\/\/www.prescrire.org\/medicaments-et-evaluations\/medicaments-a-ecarter\" target=\"_blank\" rel=\"noopener\">Prescrire publie sa mise \u00e0 jour<\/a><a href=\"https:\/\/www.prescrire.org\/medicaments-et-evaluations\/medicaments-a-ecarter\" target=\"_blank\" rel=\"noreferrer noopener\"> <\/a><a href=\"https:\/\/www.prescrire.org\/medicaments-et-evaluations\/medicaments-a-ecarter\" target=\"_blank\" rel=\"noopener\">des m\u00e9dicaments \u201c\u00e0 \u00e9viter\u201d. <\/a>L\u2019objectif n\u2019est rien de moins que d\u2019aider m\u00e9decins et patients \u00e0 s\u2019y retrouver parmi les traitements dont la balance b\u00e9n\u00e9fices-risques pencherait du mauvais c\u00f4t\u00e9.<\/p>\n<p>En 2026, pas de r\u00e9volution, la liste reste longue (entre 108 et 110 m\u00e9dicaments) et globalement stable<\/p>\n<p>        M\u00e9dicaments : quelles sont les quatre nouvelles mol\u00e9cules \u00e0 \u00e9viter ?\u00a0    <strong>Le f\u00e9zolin\u00e9tant (Veoza\u00b0) : la nouvelle promesse anti-bouff\u00e9es de chaleur\u2026 qui d\u00e9\u00e7oit<\/strong>    <\/p>\n<p>Pr\u00e9sent\u00e9 comme une avanc\u00e9e majeure pour les femmes en qu\u00eate d\u2019<a href=\"https:\/\/ma-sante.news\/menopause-risques-ths-conseils-gyneco-248967\/\" target=\"_blank\" rel=\"noopener\">alternatives aux traitements hormonaux,<\/a> le f\u00e9zolin\u00e9tant est arriv\u00e9 sur le march\u00e9 fran\u00e7ais avec la promesse de calmer <a href=\"https:\/\/ma-sante.news\/menopause-ces-aliments-naturels-pour-reduire-les-bouffees-de-chaleur\/\" target=\"_blank\" rel=\"noopener\">les bouff\u00e9es de chaleur de la m\u00e9nopause<\/a>, un sympt\u00f4me qui touche jusqu\u2019\u00e0 80 % des femmes selon les donn\u00e9es de sant\u00e9 publique.<\/p>\n<p>Mais une fois pass\u00e9 le vernis de l\u2019innovation, Prescrire adopte une lecture beaucoup plus prudente. La revue souligne que les b\u00e9n\u00e9fices cliniques observ\u00e9s dans les \u00e9tudes restent tr\u00e8s limit\u00e9s, au point que l\u2019efficacit\u00e9 est qualifi\u00e9e de \u00ab modeste, voire incertaine \u00bb.\u00a0<\/p>\n<p>Le point le plus pr\u00e9occupant reste toutefois celui de la toxicit\u00e9 h\u00e9patique. Certains essais et signalements post-commercialisation ont montr\u00e9 des atteintes s\u00e9v\u00e8res du foie, poussant les autorit\u00e9s sanitaires, notamment l\u2019ANSM, \u00e0 renforcer leur vigilance.<\/p>\n<p>        <strong>Le g\u00e9fapixant (Lyfnua\u00b0) : la toux chronique, oui, mais sans perdre le go\u00fbt<\/strong>    <\/p>\n<p>Le g\u00e9fapixant, commercialis\u00e9 sous le nom de Lyfnua\u00b0, \u00e9tait attendu pour les personnes souffrant de toux chronique r\u00e9fractaire, une affection parfois invalidante qui <a href=\"https:\/\/ma-sante.news\/reveil-nocturne-pourquoi-vous-vous-reveillez-sans-raison\/\" target=\"_blank\" rel=\"noopener\">perturbe le sommei<\/a>l, l\u2019activit\u00e9 sociale et m\u00eame la vie professionnelle.<\/p>\n<p>Ce m\u00e9dicament inaugure une nouvelle classe th\u00e9rapeutique, en ciblant les r\u00e9cepteurs P2X3 impliqu\u00e9s dans le r\u00e9flexe de toux. Mais d\u00e8s les premi\u00e8res \u00e9valuations cliniques, un probl\u00e8me de taille s\u2019est impos\u00e9 les troubles du go\u00fbt. Pr\u00e8s de 50 % des patients ressentent des alt\u00e9rations parfois s\u00e9v\u00e8res du go\u00fbt : aliments \u201csans saveur\u201d, arri\u00e8res-go\u00fbts m\u00e9talliques, voire perte totale du go\u00fbt (ageusie). Et ces effets peuvent durer, perturber l\u2019alimentation, provoquer une perte de poids, et surtout alt\u00e9rer profond\u00e9ment la qualit\u00e9 de vie.<\/p>\n<p>\u00c0 cela s\u2019ajoute une efficacit\u00e9 limit\u00e9e du g\u00e9fapixant. Les \u00e9tudes montrent une r\u00e9duction de la fr\u00e9quence de toux, certes, mais souvent jug\u00e9e insuffisante pour compenser des effets ind\u00e9sirables aussi lourds.<\/p>\n<p>        <strong>La chondro\u00eftine (Chondrosulf\u00b0 et autres) : l\u2019arthrose ne lui dit pas merci<\/strong>    <\/p>\n<p>La chondro\u00eftine, pr\u00e9sente dans de nombreux produits destin\u00e9s <a href=\"https:\/\/ma-sante.news\/articulations-comment-savoir-si-jai-de-larthrose\/\" target=\"_blank\" rel=\"noopener\">aux personnes souffrant d\u2019arthrose<\/a>, jouit depuis longtemps d\u2019une image rassurante. D\u2019origine naturelle, vendue parfois comme compl\u00e9ment alimentaire, elle est aussi propos\u00e9e sous forme de m\u00e9dicament, notamment dans le Chondrosulf\u00b0.\u00a0<\/p>\n<p>On la trouve dans les armoires \u00e0 pharmacie comme une solution de fond suppos\u00e9e \u201cnourrir le cartilage\u201d et freiner la progression de la maladie.<\/p>\n<p>Mais la revue estime que la chondro\u00eftine n\u2019apporte pas de b\u00e9n\u00e9fice clinique solide. Ni diminution notable de la douleur, ni v\u00e9ritable ralentissement de la d\u00e9gradation articulaire.\u00a0<\/p>\n<p>Aussi, la chondro\u00eftine peut provoquer des r\u00e9actions allergiques s\u00e9v\u00e8res. Toutefois, ces manifestations restent rares (<a href=\"https:\/\/ma-sante.news\/urticaire-eviter-soigner-crise-1397854\/\" target=\"_blank\" rel=\"noopener\">urticaires importants<\/a>, \u0153d\u00e8mes, voire r\u00e9actions anaphylactiques).<\/p>\n<p>        <strong>La diosmectite (Smecta\u00b0) : un incontournable des pharmacies<\/strong>    <\/p>\n<p>Si vous avez d\u00e9j\u00e0 <a href=\"https:\/\/ma-sante.news\/hiver-gastro-enterite-symptomes-traitements-sante-medecin-lyon-rhone-alpes-diarrhee-vomissements-maux-ventre\/\" target=\"_blank\" rel=\"noopener\">attrap\u00e9 une gastro<\/a>, il y a de fortes chances que le nom Smecta\u00b0 vous soit familier. Ce traitement \u00e0 base de diosmectite fait partie de ces m\u00e9dicaments \u201cr\u00e9flexes\u201d, achet\u00e9s sans trop r\u00e9fl\u00e9chir d\u00e8s que <a href=\"https:\/\/ma-sante.news\/troubles-digestifs-que-faire-en-cas-de-diarrhee\/\" target=\"_blank\" rel=\"noopener\">surviennent diarrh\u00e9es ou troubles digestifs.<\/a>\u00a0<\/p>\n<p>Pourtant, selon ses analyses, la diosmectite n\u2019apporte pas de b\u00e9n\u00e9fice clinique solide dans la prise en charge des diarrh\u00e9es aigu\u00ebs chez l\u2019adulte, et son efficacit\u00e9 serait tr\u00e8s proche de <a href=\"https:\/\/ma-sante.news\/leffet-placebo-comment-ca-marche\/\" target=\"_blank\" rel=\"noopener\">celle d\u2019un placebo.<\/a><\/p>\n<p>Par ailleurs, certaines analyses ont montr\u00e9 la pr\u00e9sence possible de plomb \u00e0 l\u2019\u00e9tat de traces, issue de la structure m\u00eame de l\u2019argile utilis\u00e9e dans sa fabrication. Si les concentrations d\u00e9tect\u00e9es sont faibles, Prescrire rappelle que l\u2019absorption chronique de plomb, m\u00eame minime, n\u2019est jamais souhaitable, surtout chez les populations vuln\u00e9rables.<\/p>\n<p>        M\u00e9dicaments \u00e0 proscrire : et le reste de la liste noire ?    <\/p>\n<p>La liste compl\u00e8te compte entre 108 et 110 m\u00e9dicaments, dont pr\u00e8s de 90 encore commercialis\u00e9s en France. On y retrouve des noms tr\u00e8s connus du grand public, souvent utilis\u00e9s depuis longtemps :<\/p>\n<ul class=\"wp-block-list\">\n<li>des antitussifs inefficaces, comme le Toplexil\u00b0 (oxom\u00e9mazine), faute de b\u00e9n\u00e9fice r\u00e9el et en raison d\u2019effets ind\u00e9sirables disproportionn\u00e9s.<\/li>\n<li><a href=\"https:\/\/ma-sante.news\/infections-bacteriennes-graves-usage-anti-inflammatoires-danger-infection\/\" target=\"_blank\" rel=\"noopener\">des anti-inflammatoires plus dangereux<\/a> que leurs alternatives, comme le Voltar\u00e8ne\u00b0 (diclof\u00e9nac), AINS dont <a href=\"https:\/\/ma-sante.news\/academie-nationale-medecine-alerte-inegalites-maladies-cardiovasculaires\/\" target=\"_blank\" rel=\"noopener\">le risque cardiovasculaire<\/a> est plus \u00e9lev\u00e9 que celui d\u2019autres options comme l\u2019ibuprof\u00e8ne ou le naprox\u00e8ne.<\/li>\n<li>certains antidiab\u00e9tiques, comme le Januvia\u00b0 (sitagliptine), une gliptine pour<a href=\"https:\/\/ma-sante.news\/diabete-pourquoi-la-cour-des-comptes-veut-changer-les-regles-du-jeu\/\" target=\"_blank\" rel=\"noopener\"> le diab\u00e8te de type 2<\/a>, que Prescrire consid\u00e8re comme un m\u00e9dicament \u00e0 \u00e9carter en raison d\u2019effets ind\u00e9sirables jug\u00e9s disproportionn\u00e9s au regard de son b\u00e9n\u00e9fice.<\/li>\n<li>des sirops, comme le Maxilase\u00b0 (alpha-amylase), sirop tr\u00e8s utilis\u00e9 pour les maux de gorge, sans efficacit\u00e9 d\u00e9montr\u00e9e au-del\u00e0 du placebo.<\/li>\n<li>et m\u00eame des traitements gyn\u00e9cologiques comme Livial\u00b0 (tibolone), <a href=\"https:\/\/ma-sante.news\/traitement-hormonal-de-la-menopause-un-dispositif-en-recul-depuis-plus-de-vingt-ans\/\" target=\"_blank\" rel=\"noopener\">un traitement hormonal de la m\u00e9nopause<\/a> class\u00e9 parmi les m\u00e9dicaments \u00e0 \u00e9carter<\/li>\n<\/ul>\n<p>La revue Prescrire pr\u00e9cise ne viser ni les laboratoires, ni les prescripteurs, mais souhaite \u00e9clairer le public et encourager des choix th\u00e9rapeutiques plus s\u00fbrs. \u00c0 noter aussi qu\u2019il ne fait jamais interrompre un traitement seul.\u00a0<\/p>\n<blockquote class=\"wp-block-quote is-layout-flow wp-block-quote-is-layout-flow\">\n<p><strong>\u00c0 SAVOIR\u00a0<\/strong><\/p>\n<p>En France, tout patient peut d\u00e9clarer un effet ind\u00e9sirable li\u00e9 \u00e0 un m\u00e9dicament directement sur le portail officiel du Minist\u00e8re de la Sant\u00e9, g\u00e9r\u00e9 par l\u2019ANSM : signalement.social-sante.gouv.fr. Ces d\u00e9clarations permettent aux autorit\u00e9s de rep\u00e9rer rapidement les traitements probl\u00e9matiques et d\u2019am\u00e9liorer la s\u00e9curit\u00e9 des soins.<\/p>\n<\/blockquote>\n<p>  <a class=\"gofollow\" data-track=\"MTIsMCw2MA==\" href=\"https:\/\/ma-sante.news\/annonceurs\/\" target=\"_blank\" rel=\"noopener\"><img loading=\"lazy\" decoding=\"async\" width=\"2560\" height=\"2133\" src=\"data:image\/svg+xml,%3Csvg%20xmlns=\" http:=\"\" data-lazy-src=\"https:\/\/www.europesays.com\/fr\/wp-content\/uploads\/2025\/03\/pub-annonceurs-4-scaled.jpg\"\/><\/a>    <img loading=\"lazy\" decoding=\"async\" width=\"755\" height=\"495\" src=\"data:image\/svg+xml,%3Csvg%20xmlns=\" http:=\"\" data-lazy-src=\"https:\/\/www.europesays.com\/fr\/wp-content\/uploads\/2025\/03\/Image1.jpg\" data-lazy-src-webp=\"https:\/\/www.europesays.com\/fr\/wp-content\/uploads\/2025\/03\/Image1.jpg.webp\" class=\"ewww_webp_lazy_load\"\/>Inscrivez-vous \u00e0 notre newsletter <br \/>Ma Sant\u00e9                      <\/p>\n","protected":false},"excerpt":{"rendered":"La liste d\u00e9taill\u00e9e avec tous les noms, les indications et les justifications est disponible directement sur le site&hellip;\n","protected":false},"author":2,"featured_media":575324,"comment_status":"","ping_status":"","sticky":false,"template":"","format":"standard","meta":{"footnotes":""},"categories":[10],"tags":[68975,1011,27,72,71,61764],"class_list":{"0":"post-575323","1":"post","2":"type-post","3":"status-publish","4":"format-standard","5":"has-post-thumbnail","7":"category-sante","8":"tag-diarrhu00e9e","9":"tag-fr","10":"tag-france","11":"tag-health","12":"tag-sante","13":"tag-toux"},"share_on_mastodon":{"url":"https:\/\/pubeurope.com\/@fr\/115655588160989869","error":""},"_links":{"self":[{"href":"https:\/\/www.europesays.com\/fr\/wp-json\/wp\/v2\/posts\/575323","targetHints":{"allow":["GET"]}}],"collection":[{"href":"https:\/\/www.europesays.com\/fr\/wp-json\/wp\/v2\/posts"}],"about":[{"href":"https:\/\/www.europesays.com\/fr\/wp-json\/wp\/v2\/types\/post"}],"author":[{"embeddable":true,"href":"https:\/\/www.europesays.com\/fr\/wp-json\/wp\/v2\/users\/2"}],"replies":[{"embeddable":true,"href":"https:\/\/www.europesays.com\/fr\/wp-json\/wp\/v2\/comments?post=575323"}],"version-history":[{"count":0,"href":"https:\/\/www.europesays.com\/fr\/wp-json\/wp\/v2\/posts\/575323\/revisions"}],"wp:featuredmedia":[{"embeddable":true,"href":"https:\/\/www.europesays.com\/fr\/wp-json\/wp\/v2\/media\/575324"}],"wp:attachment":[{"href":"https:\/\/www.europesays.com\/fr\/wp-json\/wp\/v2\/media?parent=575323"}],"wp:term":[{"taxonomy":"category","embeddable":true,"href":"https:\/\/www.europesays.com\/fr\/wp-json\/wp\/v2\/categories?post=575323"},{"taxonomy":"post_tag","embeddable":true,"href":"https:\/\/www.europesays.com\/fr\/wp-json\/wp\/v2\/tags?post=575323"}],"curies":[{"name":"wp","href":"https:\/\/api.w.org\/{rel}","templated":true}]}}