{"id":575325,"date":"2025-12-03T12:17:22","date_gmt":"2025-12-03T12:17:22","guid":{"rendered":"https:\/\/www.europesays.com\/fr\/575325\/"},"modified":"2025-12-03T12:17:22","modified_gmt":"2025-12-03T12:17:22","slug":"asse-mercato-kilmer-sports-aura-les-coudees-franches-pour-recruter-en-janvier","status":"publish","type":"post","link":"https:\/\/www.europesays.com\/fr\/575325\/","title":{"rendered":"ASSE Mercato : Kilmer Sports aura les coud\u00e9es franches pour recruter en janvier\u00a0"},"content":{"rendered":"<p>Aucune mauvaise surprise pour les supporters st\u00e9phanois : l\u2019<strong>AS Saint-\u00c9tienne<\/strong> vient tout simplement d\u2019obtenir un feu vert sans r\u00e9serve de la part de la DNCG pour la saison 2025-2026. Dans un climat o\u00f9 l\u2019incertitude plane parfois sur la r\u00e9gularit\u00e9 financi\u00e8re des clubs professionnels, les Verts d\u00e9montrent leur solidit\u00e9 au moment cl\u00e9 du r\u00e9examen annuel.<\/p>\n<p><strong>Contr\u00f4le financier : l\u2019ASSE passe sans encombre<\/strong><\/p>\n<p>Ce contr\u00f4le relevait de l\u2019article 11 du r\u00e8glement DNCG, v\u00e9ritable juge de paix pour la stabilit\u00e9 des clubs. R\u00e9sultat : <strong>aucune mesure restrictive ni sanction prononc\u00e9e<\/strong> envers l\u2019ASSE, confirmant une gestion ma\u00eetris\u00e9e. Un constat partag\u00e9 par Montpellier, pourtant attendu au tournant par certains observateurs soucieux de l\u2019\u00e9tat des finances du club h\u00e9raultais.<\/p>\n<p><strong>Aucune menace sur la gestion st\u00e9phanoise<\/strong><\/p>\n<p>Alors que d\u2019autres \u00e9curies peuvent nourrir quelques inqui\u00e9tudes sur leur avenir imm\u00e9diat, les St\u00e9phanois avancent avec s\u00e9r\u00e9nit\u00e9. Ce verdict rassurant contraste nettement avec les difficult\u00e9s \u00e9voqu\u00e9es r\u00e9cemment autour de certains concurrents, illustrant la bonne sant\u00e9 des Verts sur le plan administratif.<\/p>\n<p>Ce contexte de stabilit\u00e9 est d\u2019autant plus saisissant quand on observe ailleurs l\u2019impact, parfois brutal, de l\u2019actualit\u00e9 judiciaire dans le monde du football, \u00e0 l\u2019image des <a href=\"https:\/\/www.butfootballclub.fr\/1632168-ogc-nice-le-parquet-saisit-laffaire-de-nouvelles-revelations-chocs\/\" target=\"_blank\" rel=\"noopener\">r\u00e9v\u00e9lations autour de Moffi<\/a> \u00e0 Nice.<\/p>\n<p><strong>Cap sur l\u2019avenir avec s\u00e9r\u00e9nit\u00e9<\/strong><\/p>\n<p>La validation de la situation financi\u00e8re de l\u2019ASSE pour la saison prochaine offre un vrai souffle \u00e0 tout le club. Avec l\u2019assurance que la gestion est consid\u00e9r\u00e9e comme saine par les instances, Saint-\u00c9tienne peut pr\u00e9parer son ambition sportive sans r\u00e9serve, \u00e0 l\u2019image de clubs comme Montpellier, eux aussi valid\u00e9s sans encombre.<\/p>\n<p>Ce feu vert institutionnel devrait permettre aux Verts de se concentrer pleinement sur leur saison et de f\u00e9d\u00e9rer encore davantage leur public pour les prochains d\u00e9fis.<\/p>\n","protected":false},"excerpt":{"rendered":"Aucune mauvaise surprise pour les supporters st\u00e9phanois : l\u2019AS Saint-\u00c9tienne vient tout simplement d\u2019obtenir un feu vert sans&hellip;\n","protected":false},"author":2,"featured_media":575326,"comment_status":"","ping_status":"","sticky":false,"template":"","format":"standard","meta":{"footnotes":""},"categories":[9],"tags":[11,448,63,1011,27,66,3388,12,60,10662],"class_list":{"0":"post-575325","1":"post","2":"type-post","3":"status-publish","4":"format-standard","5":"has-post-thumbnail","7":"category-sports","8":"tag-actualites","9":"tag-champions-league","10":"tag-football","11":"tag-fr","12":"tag-france","13":"tag-ligue-1","14":"tag-matchs","15":"tag-news","16":"tag-sports","17":"tag-transferts"},"share_on_mastodon":{"url":"https:\/\/pubeurope.com\/@fr\/115655595975654038","error":""},"_links":{"self":[{"href":"https:\/\/www.europesays.com\/fr\/wp-json\/wp\/v2\/posts\/575325","targetHints":{"allow":["GET"]}}],"collection":[{"href":"https:\/\/www.europesays.com\/fr\/wp-json\/wp\/v2\/posts"}],"about":[{"href":"https:\/\/www.europesays.com\/fr\/wp-json\/wp\/v2\/types\/post"}],"author":[{"embeddable":true,"href":"https:\/\/www.europesays.com\/fr\/wp-json\/wp\/v2\/users\/2"}],"replies":[{"embeddable":true,"href":"https:\/\/www.europesays.com\/fr\/wp-json\/wp\/v2\/comments?post=575325"}],"version-history":[{"count":0,"href":"https:\/\/www.europesays.com\/fr\/wp-json\/wp\/v2\/posts\/575325\/revisions"}],"wp:featuredmedia":[{"embeddable":true,"href":"https:\/\/www.europesays.com\/fr\/wp-json\/wp\/v2\/media\/575326"}],"wp:attachment":[{"href":"https:\/\/www.europesays.com\/fr\/wp-json\/wp\/v2\/media?parent=575325"}],"wp:term":[{"taxonomy":"category","embeddable":true,"href":"https:\/\/www.europesays.com\/fr\/wp-json\/wp\/v2\/categories?post=575325"},{"taxonomy":"post_tag","embeddable":true,"href":"https:\/\/www.europesays.com\/fr\/wp-json\/wp\/v2\/tags?post=575325"}],"curies":[{"name":"wp","href":"https:\/\/api.w.org\/{rel}","templated":true}]}}