{"id":575329,"date":"2025-12-03T12:21:35","date_gmt":"2025-12-03T12:21:35","guid":{"rendered":"https:\/\/www.europesays.com\/fr\/575329\/"},"modified":"2025-12-03T12:21:35","modified_gmt":"2025-12-03T12:21:35","slug":"la-nouvelle-insta360-x4-air-devient-deja-plus-legere-au-niveau-de-son-prix-frandroid","status":"publish","type":"post","link":"https:\/\/www.europesays.com\/fr\/575329\/","title":{"rendered":"La nouvelle Insta360 X4 Air devient d\u00e9j\u00e0 plus l\u00e9g\u00e8re au niveau de son prix \u2014 Frandroid"},"content":{"rendered":"<p>Meilleure que la X4 et plus abordable que la X5, l\u2019Insta360 X4 Air s\u2019affirme comme un parfait compromis entre les deux mod\u00e8les et Boulanger baisse son prix de 40 euros. Elle est d\u00e9sormais affich\u00e9e \u00e0 359,99 euros contre 399,99 euros habituellement.<\/p>\n<p><a target=\"_blank\" href=\"https:\/\/images.frandroid.com\/wp-content\/uploads\/2025\/10\/9-16.jpg\" class=\"article-content__figure\" rel=\"noopener\"><img fetchpriority=\"high\" decoding=\"async\" loading=\"eager\" width=\"1200\" height=\"800\" src=\"https:\/\/www.europesays.com\/fr\/wp-content\/uploads\/2025\/12\/9-16.jpg\" alt=\"L'Insta360 X4 Air\" class=\"wp-image-2843205 wp-image wp-image\"  \/><\/a>L\u2019Insta360 X4 Air \/\/ Source : Insta360<\/p>\n<p>Avec les vacances d\u2019hiver qui approchent, vous avez, peut-\u00eatre, pr\u00e9vu un petit s\u00e9jour au ski. Pour capturer vos meilleures glissades, Boulanger descend l\u2019Insta360 X4 Air \u00e0 <a href=\"https:\/\/shop.frandroid.com\/rce8xxew\" target=\"_blank\" rel=\"noreferrer noopener affiliate nofollow\" data-gtm=\"{&quot;event&quot;:&quot;afficlic&quot;,&quot;nom_marchand&quot;:&quot;boulanger&quot;,&quot;nom_produit&quot;:&quot;inconnu&quot;,&quot;categorie_produit&quot;:&quot;inconnu&quot;,&quot;module_produit&quot;:&quot;editolink&quot;,&quot;position_marchand&quot;:0,&quot;texte&quot;:&quot;359-99-euros-contre-399-99-euros&quot;,&quot;offer_url&quot;:&quot;https:\/\/shop.frandroid.com\/rce8xxew&quot;,&quot;zone&quot;:&quot;contenu-page&quot;}\">359,99 euros contre 399,99 euros<\/a> habituellement. Une belle affaire pour une petite cam\u00e9ra l\u00e9g\u00e8re capable de capturer des images en 8K 30p.<\/p>\n<p>Pourquoi choisir cet Insta360 X4 Air<\/p>\n<ul class=\"wp-block-list\">\n<li>Des vid\u00e9os captur\u00e9es en 8K 30p ou 6K 50p<\/li>\n<li>Une cam\u00e9ra plus l\u00e9g\u00e8re que la X4 avec 165 g sur la balance<\/li>\n<li>Un recadrage en post-production<\/li>\n<\/ul>\n<p>Au lieu de 359,99 euros, cet Insta360 X4 Air est aujourd\u2019hui disponible en promotion \u00e0 <a href=\"https:\/\/shop.frandroid.com\/rce8xxew\" target=\"_blank\" rel=\"noreferrer noopener affiliate nofollow\" data-gtm=\"{&quot;event&quot;:&quot;afficlic&quot;,&quot;nom_marchand&quot;:&quot;boulanger&quot;,&quot;nom_produit&quot;:&quot;inconnu&quot;,&quot;categorie_produit&quot;:&quot;inconnu&quot;,&quot;module_produit&quot;:&quot;editolink&quot;,&quot;position_marchand&quot;:0,&quot;texte&quot;:&quot;359-99-euros-contre-399-99-euros&quot;,&quot;offer_url&quot;:&quot;https:\/\/shop.frandroid.com\/rce8xxew&quot;,&quot;zone&quot;:&quot;contenu-page&quot;}\">359,99 euros <\/a> chez Boulanger.<\/p>\n<p>Si, par la suite, l\u2019offre mentionn\u00e9e dans cet article n\u2019est plus disponible, merci de jeter un coup d\u2019\u0153il ci-dessous afin de d\u00e9nicher d\u2019autres offres concernant l\u2019Insta360 X4 Air Le tableau s\u2019actualise automatiquement. <\/p>\n<p>    <a href=\"https:\/\/www.frandroid.com\/produits\/action-cam\/insta360\/2856611-insta360-x4-air\" class=\"product-resume__prices-title__product-name has-text-weight-bold\" target=\"_blank\" rel=\"noopener\"><br \/>\n    Insta360 X4 Air    <\/a><br \/>\n        au meilleur prix<\/p>\n<p>                Voir plus d\u2019offres \u00e0 partir de 360\u00a0\u20ac<br \/>\n                Voir moins d\u2019offres<\/p>\n<p>Un syst\u00e8me d\u2019objectifs rempla\u00e7ables<\/p>\n<p>Dans le sillage de la X5, l\u2019Insta360 X4 Air opte pour un syst\u00e8me d\u2019optiques rempla\u00e7ables avec un format de capteurs de 1\/1,8 pouce associ\u00e9 \u00e0 des\u00a0optiques\u00a0\u00e0 ouverture f\/1,95. Cependant, ces lentilles bomb\u00e9es sont particuli\u00e8rement sensibles aux rayures. La cam\u00e9ra permet \u00e9galement de capturer des vid\u00e9os jusqu\u2019en 8K 30p.<\/p>\n<p>Au niveau de l\u2019audio, cet Insta360 X4 air embarque un syst\u00e8me pare-vent ainsi qu\u2019un mode pour am\u00e9liorer la voix qui diminue les bruits de fond, parfait pour ceux qui souhaitent s\u2019en servir pour r\u00e9aliser des vlogs.<\/p>\n<p>Autre \u00e9l\u00e9ment que la X4 Air vient copier sur la X5, son \u00e9tanch\u00e9it\u00e9. Celle-ci est sup\u00e9rieure \u00e0 la X4 puisqu\u2019elle permet d\u2019aller jusqu\u2019\u00e0 15 m sous l\u2019eau contre 10 pour la version standard. Pour aller encore plus loin, il est possible d\u2019ajouter un caisson de plong\u00e9e invisible, vendue s\u00e9par\u00e9ment pour pouvoir descendre jusqu\u2019\u00e0 60 m.<\/p>\n<p>La X4 Air pour se vider la t\u00eate<\/p>\n<p>Avec son X4 Air, Insta360 souhaite que vous capturiez des moments conviviaux comme si la cam\u00e9ra n\u2019\u00e9tait pas pr\u00e9sente. Pour cela, la marque a utilis\u00e9 deux proc\u00e9d\u00e9s. Pour commencer, on est face \u00e0 un appareil l\u00e9ger qui ne mesure que 165 g contre 200 g pour la X5.<\/p>\n<p>Deuxi\u00e8me point, avec la X4 Air, il est possible d\u2019enregistrer sans se soucier du cadrage. Pour configurer votre vid\u00e9o selon vos besoins, vous avez la possibilit\u00e9 de l\u2019\u00e9diter depuis l\u2019application Insta360 apr\u00e8s l\u2019enregistrement. D\u00e8s lors, il sera possible de choisir les meilleurs angles gr\u00e2ce aux diff\u00e9rents outils de recadrage.<\/p>\n<p>Pour justifier un prix plus bas que la X5, il a fallu faire des concessions notamment sur la batterie. Elle ne contient que 2010 mAh contre 2400 mAh pour la X5 et 2290 mAh pour la X4. La X4 Air permet tout de m\u00eame autonomie de 88 minutes en 8K 30p et de 100 minutes en 6K 24p.<\/p>\n<p>Pour comparer cet Insta360 X4 Air avec la concurrence, nous avons concoct\u00e9 <a href=\"https:\/\/www.frandroid.com\/guide-dachat\/477753_guide-des-meilleures-action-cams\" target=\"_blank\" rel=\"noreferrer noopener\">un guide des meilleures Action Cam du moment !<\/a><\/p>\n<p>Rejoignez-nous de 17 \u00e0 19h, un mercredi sur deux, pour l\u2019\u00e9mission <strong>UNLOCK<\/strong> produite par <strong>Frandroid<\/strong> et <strong>Numerama<\/strong> ! Actus tech, interviews, astuces et analyses\u2026 On se retrouve <a href=\"https:\/\/www.twitch.tv\/frandroidlive\" target=\"_blank\" rel=\"noopener\">en direct sur Twitch<\/a> ou en rediffusion <a href=\"https:\/\/www.youtube.com\/@unlocktalk\" target=\"_blank\" rel=\"noopener\">sur YouTube<\/a> !<\/p>\n","protected":false},"excerpt":{"rendered":"Meilleure que la X4 et plus abordable que la X5, l\u2019Insta360 X4 Air s\u2019affirme comme un parfait compromis&hellip;\n","protected":false},"author":2,"featured_media":575330,"comment_status":"","ping_status":"","sticky":false,"template":"","format":"standard","meta":{"footnotes":""},"categories":[7],"tags":[3042,1011,27,68976,43,40,41,39,42,44],"class_list":{"0":"post-575329","1":"post","2":"type-post","3":"status-publish","4":"format-standard","5":"has-post-thumbnail","7":"category-sciences-et-technologies","8":"tag-bons-plans-boulanger","9":"tag-fr","10":"tag-france","11":"tag-insta360-x4-air","12":"tag-science","13":"tag-science-and-technology","14":"tag-sciences","15":"tag-sciences-et-technologies","16":"tag-technologies","17":"tag-technology"},"share_on_mastodon":{"url":"https:\/\/pubeurope.com\/@fr\/115655612458833898","error":""},"_links":{"self":[{"href":"https:\/\/www.europesays.com\/fr\/wp-json\/wp\/v2\/posts\/575329","targetHints":{"allow":["GET"]}}],"collection":[{"href":"https:\/\/www.europesays.com\/fr\/wp-json\/wp\/v2\/posts"}],"about":[{"href":"https:\/\/www.europesays.com\/fr\/wp-json\/wp\/v2\/types\/post"}],"author":[{"embeddable":true,"href":"https:\/\/www.europesays.com\/fr\/wp-json\/wp\/v2\/users\/2"}],"replies":[{"embeddable":true,"href":"https:\/\/www.europesays.com\/fr\/wp-json\/wp\/v2\/comments?post=575329"}],"version-history":[{"count":0,"href":"https:\/\/www.europesays.com\/fr\/wp-json\/wp\/v2\/posts\/575329\/revisions"}],"wp:featuredmedia":[{"embeddable":true,"href":"https:\/\/www.europesays.com\/fr\/wp-json\/wp\/v2\/media\/575330"}],"wp:attachment":[{"href":"https:\/\/www.europesays.com\/fr\/wp-json\/wp\/v2\/media?parent=575329"}],"wp:term":[{"taxonomy":"category","embeddable":true,"href":"https:\/\/www.europesays.com\/fr\/wp-json\/wp\/v2\/categories?post=575329"},{"taxonomy":"post_tag","embeddable":true,"href":"https:\/\/www.europesays.com\/fr\/wp-json\/wp\/v2\/tags?post=575329"}],"curies":[{"name":"wp","href":"https:\/\/api.w.org\/{rel}","templated":true}]}}