{"id":575340,"date":"2025-12-03T12:29:14","date_gmt":"2025-12-03T12:29:14","guid":{"rendered":"https:\/\/www.europesays.com\/fr\/575340\/"},"modified":"2025-12-03T12:29:14","modified_gmt":"2025-12-03T12:29:14","slug":"affaissement-de-la-chaussee-a-saint-etienne-les-travaux-sont-termines-sur-la-rn488","status":"publish","type":"post","link":"https:\/\/www.europesays.com\/fr\/575340\/","title":{"rendered":"Affaissement de la chauss\u00e9e \u00e0 Saint-\u00c9tienne : les travaux sont termin\u00e9s sur la RN488"},"content":{"rendered":"<p>Plus de quatre mois apr\u00e8s l&rsquo;affaissement d&rsquo;une partie de la chauss\u00e9e sur la RN488, \u00e0 Saint-\u00c9tienne, les r\u00e9parations ont \u00e9t\u00e9 achev\u00e9es sur cet axe qui permet de rejoindre l&rsquo;A72 en direction de Clermont-Ferrand.<\/p>\n<p>Des coups de frein depuis cet \u00e9t\u00e9.<\/p>\n<p>Apr\u00e8s plusieurs mois de ralentissements dans le secteur, le chantier de la <b>RN488<\/b> est d\u00e9sormais termin\u00e9, entre Terrenoire et Monthieu, \u00e0 <b>Saint-\u00c9tienne<\/b>.<\/p>\n<p>Le marquage refait \u00e0 neuf<\/p>\n<p>Pour rappel, une partie de la chauss\u00e9e s&rsquo;est affaiss\u00e9e, le 31 juillet dernier, suite au tassement du remblai d&rsquo;un\u00a0<a class=\"url\" href=\"https:\/\/www.radioscoop.com\/infos\/saint-etienne-on-connait-les-raisons-de-l-affaissement-de-la-chaussee-sur-la-rn488_335099\" target=\"_blank\" rel=\"noopener\">ancien puits de mine de charbon<\/a>.\u00a0<\/p>\n<p>Ce qui avait n\u00e9cessit\u00e9 <a class=\"url\" href=\"https:\/\/www.radioscoop.com\/infos\/affaissement-sur-la-rn488-evitez-ce-secteur-a-l-entree-de-saint-etienne_336344\" target=\"_blank\" rel=\"noopener\">la neutralisation de la voie de droite<\/a> en provenance de Saint-Chamond et en direction de Clermont-Ferrand.<\/p>\n<p>Des sondages ont ensuite \u00e9t\u00e9 effectu\u00e9s et des travaux ont enfin pu \u00eatre lanc\u00e9s.<\/p>\n<p>La circulation a pu \u00eatre <b>r\u00e9tablie sur deux voies<\/b> ce vendredi 28 novembre. Avant deux nouvelles nuits de fermeture, lundi 1er et mardi 2 d\u00e9cembre, pour peaufiner les derniers d\u00e9tails, notamment le marquage au sol.<\/p>\n<p>Le trafic a donc pu <b>reprendre normalement depuis 6h, ce mercredi 3 d\u00e9cembre<\/b>.<\/p>\n<p><img loading=\"lazy\" decoding=\"async\" src=\"https:\/\/www.europesays.com\/fr\/wp-content\/uploads\/2025\/12\/1764764954_296_img\" width=\"350\" height=\"200\" border=\"0\" title=\"La jonction N488 \/ A72 \u00c3\u00a0 Saint-\u00c3\u0089tienne\"\/><\/p>\n<p>\u25baTransport<\/p>\n<p style=\"font-size: 22px;\"><b>Travaux dans la Loire : plusieurs voies neutralis\u00e9es sur l&rsquo;A72 et la RN88 cette semaine\u00a0<\/b><\/p>\n<p>Cette semaine, du lundi au jeudi, des interventions&#8230;<\/p>\n<p><\/p>\n","protected":false},"excerpt":{"rendered":"Plus de quatre mois apr\u00e8s l&rsquo;affaissement d&rsquo;une partie de la chauss\u00e9e sur la RN488, \u00e0 Saint-\u00c9tienne, les r\u00e9parations&hellip;\n","protected":false},"author":2,"featured_media":351808,"comment_status":"","ping_status":"","sticky":false,"template":"","format":"standard","meta":{"footnotes":""},"categories":[9653],"tags":[1111,11,21863,2430,1777,674,1011,27,10486,12,25,18118,9920,4001,2086],"class_list":{"0":"post-575340","1":"post","2":"type-post","3":"status-publish","4":"format-standard","5":"has-post-thumbnail","7":"category-saint-etienne","8":"tag-actu","9":"tag-actualites","10":"tag-affaissement","11":"tag-auvergne-rhone-alpes","12":"tag-eu","13":"tag-europe","14":"tag-fr","15":"tag-france","16":"tag-galerie","17":"tag-news","18":"tag-republique-francaise","19":"tag-rn488","20":"tag-saint-tienne","21":"tag-saint-etienne","22":"tag-travaux"},"share_on_mastodon":{"url":"https:\/\/pubeurope.com\/@fr\/115655645534933029","error":""},"_links":{"self":[{"href":"https:\/\/www.europesays.com\/fr\/wp-json\/wp\/v2\/posts\/575340","targetHints":{"allow":["GET"]}}],"collection":[{"href":"https:\/\/www.europesays.com\/fr\/wp-json\/wp\/v2\/posts"}],"about":[{"href":"https:\/\/www.europesays.com\/fr\/wp-json\/wp\/v2\/types\/post"}],"author":[{"embeddable":true,"href":"https:\/\/www.europesays.com\/fr\/wp-json\/wp\/v2\/users\/2"}],"replies":[{"embeddable":true,"href":"https:\/\/www.europesays.com\/fr\/wp-json\/wp\/v2\/comments?post=575340"}],"version-history":[{"count":0,"href":"https:\/\/www.europesays.com\/fr\/wp-json\/wp\/v2\/posts\/575340\/revisions"}],"wp:featuredmedia":[{"embeddable":true,"href":"https:\/\/www.europesays.com\/fr\/wp-json\/wp\/v2\/media\/351808"}],"wp:attachment":[{"href":"https:\/\/www.europesays.com\/fr\/wp-json\/wp\/v2\/media?parent=575340"}],"wp:term":[{"taxonomy":"category","embeddable":true,"href":"https:\/\/www.europesays.com\/fr\/wp-json\/wp\/v2\/categories?post=575340"},{"taxonomy":"post_tag","embeddable":true,"href":"https:\/\/www.europesays.com\/fr\/wp-json\/wp\/v2\/tags?post=575340"}],"curies":[{"name":"wp","href":"https:\/\/api.w.org\/{rel}","templated":true}]}}