{"id":575349,"date":"2025-12-03T12:38:10","date_gmt":"2025-12-03T12:38:10","guid":{"rendered":"https:\/\/www.europesays.com\/fr\/575349\/"},"modified":"2025-12-03T12:38:10","modified_gmt":"2025-12-03T12:38:10","slug":"mhr-lancienne-selectionneuse-du-xv-de-france-gaelle-mignot-integre-le-staff-montpellierain","status":"publish","type":"post","link":"https:\/\/www.europesays.com\/fr\/575349\/","title":{"rendered":"MHR\u00a0: l\u2019ancienne s\u00e9lectionneuse du XV de France, Ga\u00eblle Mignot, int\u00e8gre le staff montpelli\u00e9rain"},"content":{"rendered":"<p>\n                                                                L\u2019ancienne talonneuse embl\u00e9matique du MHR et du XV de France, Ga\u00eblle Mignot (38 ans), int\u00e8gre le staff montpelli\u00e9rain avec effet imm\u00e9diat.\n                            <\/p>\n<p>Elle conna\u00eet bien la maison. Ga\u00eblle Mignot (38 ans), apr\u00e8s trois ann\u00e9es \u00e0 la t\u00eate de l\u2019\u00e9quipe de France au\u00a0c\u00f4t\u00e9\u00a0de David Ortiz, revient dans le staff du\u00a0Montpellier H\u00e9rault Rugby. L\u2019ancienne talonneuse embl\u00e9matique du club, internationale \u00e0 70 reprises, \u00ab\u00a0s\u2019occupera de la formation des avants au sein de la Capsule Graine de Cistes\u00a0\u00bb, selon un communiqu\u00e9 du club. <a href=\"https:\/\/www.midilibre.fr\/2024\/06\/05\/mhr-louis-picamoles-et-gaelle-mignot-devraient-prendre-de-nouvelles-responsabilites-au-sein-du-club-11996703.php\" target=\"_blank\" rel=\"noopener\">Elle conserve son statut de vice-pr\u00e9sidente de l\u2019Association.<\/a><\/p>\n<p>Cette Capsule Graine de Cistes regroupe douze joueurs \u00e0 tr\u00e8s haut potentiel, qui s\u2019entra\u00eenent r\u00e9guli\u00e8rement avec l\u2019\u00e9quipe premi\u00e8re. \u00ab\u00a0En lien \u00e9troit avec Damien Florio, le responsable du Centre de Formation et Joan Caudullo, le manager sportif de l\u2019\u00e9quipe professionnelle, elle contribuera \u00e0 la progression technique des jeunes joueurs et \u00e0 leur pr\u00e9paration aux exigences du haut niveau, en favorisant leur int\u00e9gration dans le groupe professionnel\u00a0\u00bb, pr\u00e9cise le communiqu\u00e9.<\/p>\n<p>Habitu\u00e9e de la maison<\/p>\n<p>Avant d\u2019\u00eatre nomm\u00e9e s\u00e9lectionneuse des Bleues, Ga\u00eblle Mignot, apr\u00e8s avoir mis un terme \u00e0 sa carri\u00e8re de joueuse en 2021, intervenait d\u00e9j\u00e0 aupr\u00e8s des Espoirs du club montpelli\u00e9rain, et parfois avec le groupe pro. Par le pass\u00e9, elle entra\u00eenait \u00e9galement des \u00e9quipes jeunes.<\/p>\n<p>Durant sa carri\u00e8re de joueuse, Mignot est rest\u00e9e une fid\u00e8le du club montpelli\u00e9rain. Elle a fait partie de la g\u00e9n\u00e9ration dor\u00e9e au c\u00f4t\u00e9 des Safi Ndiaye, Jennifer Troncy et autre Elodie Poublan, \u00e0 avoir remport\u00e9 le championnat de France \u00e0 sept reprises (2009, 2013, 2014, 2015, 2017, 2018, 2019). En 2018, elle n\u2019a pas soulev\u00e9 le Bouclier en raison de son aventure d\u2019un an en Angleterre, \u00e0 Richmond.<\/p>\n","protected":false},"excerpt":{"rendered":"L\u2019ancienne talonneuse embl\u00e9matique du MHR et du XV de France, Ga\u00eblle Mignot (38 ans), int\u00e8gre le staff montpelli\u00e9rain&hellip;\n","protected":false},"author":2,"featured_media":575350,"comment_status":"","ping_status":"","sticky":false,"template":"","format":"standard","meta":{"footnotes":""},"categories":[9599],"tags":[1111,11,1777,674,1011,27,7089,2208,12,2680,25,65087,517],"class_list":{"0":"post-575349","1":"post","2":"type-post","3":"status-publish","4":"format-standard","5":"has-post-thumbnail","7":"category-montpellier","8":"tag-actu","9":"tag-actualites","10":"tag-eu","11":"tag-europe","12":"tag-fr","13":"tag-france","14":"tag-herault","15":"tag-montpellier","16":"tag-news","17":"tag-occitanie","18":"tag-republique-francaise","19":"tag-rugby-xv","20":"tag-sport"},"share_on_mastodon":{"url":"https:\/\/pubeurope.com\/@fr\/115655678762933713","error":""},"_links":{"self":[{"href":"https:\/\/www.europesays.com\/fr\/wp-json\/wp\/v2\/posts\/575349","targetHints":{"allow":["GET"]}}],"collection":[{"href":"https:\/\/www.europesays.com\/fr\/wp-json\/wp\/v2\/posts"}],"about":[{"href":"https:\/\/www.europesays.com\/fr\/wp-json\/wp\/v2\/types\/post"}],"author":[{"embeddable":true,"href":"https:\/\/www.europesays.com\/fr\/wp-json\/wp\/v2\/users\/2"}],"replies":[{"embeddable":true,"href":"https:\/\/www.europesays.com\/fr\/wp-json\/wp\/v2\/comments?post=575349"}],"version-history":[{"count":0,"href":"https:\/\/www.europesays.com\/fr\/wp-json\/wp\/v2\/posts\/575349\/revisions"}],"wp:featuredmedia":[{"embeddable":true,"href":"https:\/\/www.europesays.com\/fr\/wp-json\/wp\/v2\/media\/575350"}],"wp:attachment":[{"href":"https:\/\/www.europesays.com\/fr\/wp-json\/wp\/v2\/media?parent=575349"}],"wp:term":[{"taxonomy":"category","embeddable":true,"href":"https:\/\/www.europesays.com\/fr\/wp-json\/wp\/v2\/categories?post=575349"},{"taxonomy":"post_tag","embeddable":true,"href":"https:\/\/www.europesays.com\/fr\/wp-json\/wp\/v2\/tags?post=575349"}],"curies":[{"name":"wp","href":"https:\/\/api.w.org\/{rel}","templated":true}]}}