{"id":575360,"date":"2025-12-03T12:44:10","date_gmt":"2025-12-03T12:44:10","guid":{"rendered":"https:\/\/www.europesays.com\/fr\/575360\/"},"modified":"2025-12-03T12:44:10","modified_gmt":"2025-12-03T12:44:10","slug":"a-rennes-le-festival-mythos-devoile-12-nouveaux-artistes","status":"publish","type":"post","link":"https:\/\/www.europesays.com\/fr\/575360\/","title":{"rendered":"\u00e0 Rennes, le festival Mythos d\u00e9voile 12 nouveaux artistes"},"content":{"rendered":"<p>                    Par<br \/>\n        <strong><br \/>\n            <a href=\"https:\/\/actu.fr\/auteur\/brian-legoff\" title=\"Consulter tous les articles de Brian Le Goff\" target=\"_blank\" rel=\"noopener\">Brian Le Goff<\/a><br \/>\n                    <\/strong><\/p>\n<p>        Publi\u00e9 le<\/p>\n<p>            3 d\u00e9c. 2025 \u00e0 13h09        <\/p>\n<p>\u00c0 Rennes, le <strong>festival Mythos 2026<\/strong> se d\u00e9voile un peu plus. Mardi 2 d\u00e9cembre, en fin de journ\u00e9e, l\u2019organisation a annonc\u00e9 <strong>douze nouveaux artistes<\/strong> qui fouleront les sc\u00e8nes de l\u2019\u00e9v\u00e9nement au printemps prochain et va continuer jusqu\u2019en janvier.<strong> \u00ab\u00a0C\u2019est un parti pris que de communiquer toutes les semaines\u00a0\u00bb<\/strong>, explique \u00e0 <a href=\"https:\/\/actu.fr\/rennes\/\" target=\"_blank\" rel=\"noopener\">actu Rennes<\/a> <strong>\u00c9milie Audren,<\/strong> la programmatrice.<\/p>\n<blockquote class=\"ac-article-quote wall-content\">\n<p>Il y a encore beaucoup d&rsquo;annonces \u00e0 venir. On doit \u00eatre \u00e0 peu pr\u00e8s au tiers de la programmation, qui va continuer \u00e0 se d\u00e9voiler jusqu&rsquo;en janvier. Ces annonces r\u00e9guli\u00e8res sont li\u00e9es \u00e0 la r\u00e9alit\u00e9 des avanc\u00e9es. On n&rsquo;attend pas de tout avoir pour annoncer.<\/p>\n<p>    <strong>\u00c9milie Audren<\/strong><br \/>\n        Programmatrice du festival Mythos    <\/p><\/blockquote>\n<p class=\" wall-content\">Une planification dans laquelle <strong>l\u2019id\u00e9e est d\u2019offrir des \u00ab\u00a0esth\u00e9tiques diff\u00e9rentes sur une m\u00eame soir\u00e9e<\/strong> et qu\u2019il y ait de la surprise pour les spectateurs\u00a0\u00bb, continue \u00c9milie Audren. C\u00f4t\u00e9 musique, <strong>en d\u00e9but de soir\u00e9e,<\/strong> l\u2019esth\u00e9tique du concert se veut <strong>davantage dans l\u2019\u00e9coute<\/strong> pour ensuite <strong>finir au milieu de la nuit<\/strong> dans quelque chose de <strong>plus festif,<\/strong> en tout cas au Cabaret botanique, pr\u00e9cise la programmatrice.<\/p>\n<p>10 nouveaux artistes c\u00f4t\u00e9 musique<\/p>\n<p class=\" wall-content\">Ainsi, en 2026, Mythos accueille :\u00a0<\/p>\n<ul class=\" wall-content\">\n<li><strong>Jeanne Cherhal,<\/strong> le 3 avril \u00e0 18h au Cabaret botanique ;<\/li>\n<\/ul>\n<p class=\" wall-content\">\n<ul class=\" wall-content\">\n<li><strong>L\u00e9onie Pernet<\/strong>, le 3 avril \u00e0 21h au Cabaret botanique ;<\/li>\n<\/ul>\n<p class=\" wall-content\">\n<ul class=\" wall-content\">\n<li><a href=\"https:\/\/www.youtube.com\/watch?v=5gcR8egmm8g\" target=\"_blank\" rel=\"noopener\">Ellie James<\/a>, <a href=\"https:\/\/www.youtube.com\/watch?v=3k6AW-8r_EU\" target=\"_blank\" rel=\"noopener\">Gildaa<\/a>, Meryem Aboulouafa, le 4 avril \u00e0 20h30 \u00e0 l\u2019Antipode ;<\/li>\n<\/ul>\n<p>Votre r\u00e9gion, votre actu !<\/p>\n<p>Recevez chaque jour les infos qui comptent pour vous.<\/p>\n<p>\t<a href=\"https:\/\/actu.fr\/newsletter\" class=\"ac-btn ac-btn--corner ac-btn--medium ac-btn--blue800\" target=\"_blank\" rel=\"noopener\">S&rsquo;incrire<\/a><\/p>\n<p class=\" wall-content\">\n<ul class=\" wall-content\">\n<li><a href=\"https:\/\/www.youtube.com\/watch?v=2N2SaZLrZAg\" target=\"_blank\" rel=\"noopener\">Marlon Magn\u00e9e<\/a>, Sam Sauvage, le 8 avril \u00e0 21h au Cabaret botanique ;<\/li>\n<\/ul>\n<p class=\" wall-content\">\n<ul class=\" wall-content\">\n<li><strong>Peter Doherty<\/strong>, le 7 avril \u00e0 21h au Cabaret botanique ;<\/li>\n<\/ul>\n<p class=\" wall-content\">\n<ul class=\" wall-content\">\n<li><strong>Fatoumata Diawara<\/strong>, le 10 avril \u00e0 18h au Cabaret botanique ;<\/li>\n<\/ul>\n<p class=\" wall-content\">\n<ul class=\" wall-content\">\n<li><strong>Yann Tiersen,<\/strong> solo piano + electronics performance, le 11 avril \u00e0 21h au Cabaret botanique.<\/li>\n<\/ul>\n<p class=\" wall-content\">\n<p>Deux nouveaux artistes c\u00f4t\u00e9 th\u00e9\u00e2tre<\/p>\n<p class=\" wall-content\">Mythos est <strong>loin d\u2019\u00eatre qu\u2019un festival de musique.<\/strong> Il accueille de<strong> nombreuses formes d\u2019expression sc\u00e9nique,<\/strong> comme le th\u00e9\u00e2tre. Mardi 2 d\u00e9cembre, deux artistes qui proposeront des spectacles ont \u00e9t\u00e9 annonc\u00e9s. \u00ab\u00a0Ce sont deux auteurs et metteurs en sc\u00e8ne qui sont des<strong> coups de c\u0153ur de Mythos\u00a0\u00bb<\/strong>, ajoute \u00c9milie Audren.<\/p>\n<ul class=\" wall-content\">\n<li><strong>Emmanuel Meirieu<\/strong> avec Monarques, les 8, 9 et 10 avril \u00e0 21h au TNB ;<\/li>\n<\/ul>\n<blockquote class=\"ac-article-quote wall-content\">\n<p>C&rsquo;est un artiste que l&rsquo;on a accueilli plusieurs fois au festival. Il revient avec sa derni\u00e8re cr\u00e9ation tr\u00e8s \u00e9v\u00e9nementiel. On trouvera sur sc\u00e8ne trois wagons entre le Br\u00e9sil et les \u00c9tats-Unis qui permettront de raconter la migration de Monarque, un papillon.<\/p>\n<p>    <strong>Emilie Audren<\/strong><br \/>\n        Programmatrice du festival Mythos    <\/p><\/blockquote>\n<p class=\" wall-content\">\n<ul class=\" wall-content\">\n<li><strong>Anthony Martine,<\/strong> avec Quand on dort on n\u2019a pas faim, les 7, 10 et 11 avril au CCNRB ;<\/li>\n<\/ul>\n<blockquote class=\"ac-article-quote wall-content\">\n<p>On a \u00e0 c\u0153ur \u00e0 Mythos d&rsquo;accueillir une sc\u00e8ne \u00e9v\u00e9nementielle, comme avec Emmanuel Mieirieu, mais aussi, notre autre pendant, c&rsquo;est Anthony Martin, un jeune com\u00e9dien et danseur \u00e9poustouflant, qui raconte son destin dans un conte afro queer, de son enfance \u00e0 ce qu&rsquo;il est devenu et son choix de la libert\u00e9 \u00e0 un moment donn\u00e9 face aux contraintes scolaires.<\/p>\n<p>    <strong>Emilie Audren<\/strong><br \/>\n        Programmatrice du festival Mythos    <\/p><\/blockquote>\n<p class=\" wall-content\">\n<p class=\" wall-content\">La <a href=\"https:\/\/www.festival-mythos.com\/billetterie-pass\/\" target=\"_blank\" rel=\"noopener\">billetterie du festival est d\u00e9j\u00e0 disponible sur le site officiel de Mythos<\/a>. Comme vous l\u2019aurez compris, d\u2019autres annonces sont pr\u00e9vues dans les semaines \u00e0 venir.<\/p>\n<p class=\" wall-content\">Personnalisez votre actualit\u00e9 en ajoutant vos villes et m\u00e9dias en favori avec <a href=\"https:\/\/moncompte.actu.fr\" title=\"D\u00e9couvez Mon Actu\" rel=\"nofollow noopener\" data-trk=\"{&quot;cta&quot;:{&quot;action&quot;:&quot;https:\\\/\\\/moncompte.actu.fr&quot;,&quot;category&quot;:&quot;mon compte&quot;,&quot;from&quot;:&quot;article footer&quot;,&quot;name&quot;:&quot;Mon actu&quot;,&quot;type&quot;:&quot;cta&quot;}}\" target=\"_blank\">Mon Actu<\/a>.<\/p>\n","protected":false},"excerpt":{"rendered":"Par Brian Le Goff Publi\u00e9 le 3 d\u00e9c. 2025 \u00e0 13h09 \u00c0 Rennes, le festival Mythos 2026 se&hellip;\n","protected":false},"author":2,"featured_media":575361,"comment_status":"","ping_status":"","sticky":false,"template":"","format":"standard","meta":{"footnotes":""},"categories":[2821],"tags":[1111,11,829,1697,1777,674,849,55198,1011,27,1652,873,12,584,25],"class_list":{"0":"post-575360","1":"post","2":"type-post","3":"status-publish","4":"format-standard","5":"has-post-thumbnail","7":"category-rennes","8":"tag-actu","9":"tag-actualites","10":"tag-bretagne","11":"tag-concert","12":"tag-eu","13":"tag-europe","14":"tag-festival","15":"tag-festival-mythos","16":"tag-fr","17":"tag-france","18":"tag-loisirs-culture","19":"tag-musique","20":"tag-news","21":"tag-rennes","22":"tag-republique-francaise"},"share_on_mastodon":{"url":"","error":""},"_links":{"self":[{"href":"https:\/\/www.europesays.com\/fr\/wp-json\/wp\/v2\/posts\/575360","targetHints":{"allow":["GET"]}}],"collection":[{"href":"https:\/\/www.europesays.com\/fr\/wp-json\/wp\/v2\/posts"}],"about":[{"href":"https:\/\/www.europesays.com\/fr\/wp-json\/wp\/v2\/types\/post"}],"author":[{"embeddable":true,"href":"https:\/\/www.europesays.com\/fr\/wp-json\/wp\/v2\/users\/2"}],"replies":[{"embeddable":true,"href":"https:\/\/www.europesays.com\/fr\/wp-json\/wp\/v2\/comments?post=575360"}],"version-history":[{"count":0,"href":"https:\/\/www.europesays.com\/fr\/wp-json\/wp\/v2\/posts\/575360\/revisions"}],"wp:featuredmedia":[{"embeddable":true,"href":"https:\/\/www.europesays.com\/fr\/wp-json\/wp\/v2\/media\/575361"}],"wp:attachment":[{"href":"https:\/\/www.europesays.com\/fr\/wp-json\/wp\/v2\/media?parent=575360"}],"wp:term":[{"taxonomy":"category","embeddable":true,"href":"https:\/\/www.europesays.com\/fr\/wp-json\/wp\/v2\/categories?post=575360"},{"taxonomy":"post_tag","embeddable":true,"href":"https:\/\/www.europesays.com\/fr\/wp-json\/wp\/v2\/tags?post=575360"}],"curies":[{"name":"wp","href":"https:\/\/api.w.org\/{rel}","templated":true}]}}