{"id":575370,"date":"2025-12-03T12:49:47","date_gmt":"2025-12-03T12:49:47","guid":{"rendered":"https:\/\/www.europesays.com\/fr\/575370\/"},"modified":"2025-12-03T12:49:47","modified_gmt":"2025-12-03T12:49:47","slug":"une-nouvelle-destination-proposee-par-easyjet","status":"publish","type":"post","link":"https:\/\/www.europesays.com\/fr\/575370\/","title":{"rendered":"une nouvelle destination propos\u00e9e par EasyJet"},"content":{"rendered":"<p>                    Par<br \/>\n        <strong><br \/>\n            <a href=\"https:\/\/actu.fr\/auteur\/laure-gentil\" title=\"Consulter tous les articles de Laure Gentil\" target=\"_blank\" rel=\"noopener\">Laure Gentil<\/a><br \/>\n                    <\/strong><\/p>\n<p>        Publi\u00e9 le<\/p>\n<p>            2 d\u00e9c. 2025 \u00e0 16h47        <\/p>\n<p>Bonne nouvelle pour celles et ceux qui souhaitent visiter la capitale de l\u2019Alsace, une nouvelle liaison va ouvrir entre Nantes et <a href=\"https:\/\/actu.fr\/strasbourg\/\" target=\"_blank\" rel=\"noopener\">Strasbourg<\/a> <b>\u00e0 partir de 2026. <\/b>Cette liaison est propos\u00e9e par easyJet, des vols <b>Nantes-Strasbourg <\/b>\u00e9taient d\u00e9j\u00e0 propos\u00e9s par les compagnies Volotea et Air France depuis l\u2019a\u00e9roport Nantes-Atlantique.<\/p>\n<p>40\u00a0euros le vol simple<\/p>\n<p class=\" wall-content\">La liaison Nantes \u2013 Strasbourg ouvrira le <b>17\u00a0avril 2026<\/b> et sera op\u00e9r\u00e9e \u00e0 raison de deux vols hebdomadaires, les lundis et vendredis jusqu\u2019\u00e0 fin mai. Le prix des tickets est <b>\u00e0 partir de 40\u00a0euros<\/b> le vol simple (TTC).<\/p>\n<p class=\" wall-content\">Personnalisez votre actualit\u00e9 en ajoutant vos villes et m\u00e9dias en favori avec <a href=\"https:\/\/moncompte.actu.fr\" title=\"D\u00e9couvez Mon Actu\" rel=\"nofollow noopener\" data-trk=\"{&quot;cta&quot;:{&quot;action&quot;:&quot;https:\\\/\\\/moncompte.actu.fr&quot;,&quot;category&quot;:&quot;mon compte&quot;,&quot;from&quot;:&quot;article footer&quot;,&quot;name&quot;:&quot;Mon actu&quot;,&quot;type&quot;:&quot;cta&quot;}}\" target=\"_blank\">Mon Actu<\/a>.<\/p>\n","protected":false},"excerpt":{"rendered":"Par Laure Gentil Publi\u00e9 le 2 d\u00e9c. 2025 \u00e0 16h47 Bonne nouvelle pour celles et ceux qui souhaitent&hellip;\n","protected":false},"author":2,"featured_media":575371,"comment_status":"","ping_status":"","sticky":false,"template":"","format":"standard","meta":{"footnotes":""},"categories":[2818],"tags":[1111,11,754,12527,1777,674,1011,27,1305,766,12,2636,25,586],"class_list":{"0":"post-575370","1":"post","2":"type-post","3":"status-publish","4":"format-standard","5":"has-post-thumbnail","7":"category-nantes","8":"tag-actu","9":"tag-actualites","10":"tag-aeroport-de-nantes","11":"tag-easy-jet","12":"tag-eu","13":"tag-europe","14":"tag-fr","15":"tag-france","16":"tag-lifestyle","17":"tag-nantes","18":"tag-news","19":"tag-pays-de-la-loire","20":"tag-republique-francaise","21":"tag-voyage"},"share_on_mastodon":{"url":"https:\/\/pubeurope.com\/@fr\/115655725766735115","error":""},"_links":{"self":[{"href":"https:\/\/www.europesays.com\/fr\/wp-json\/wp\/v2\/posts\/575370","targetHints":{"allow":["GET"]}}],"collection":[{"href":"https:\/\/www.europesays.com\/fr\/wp-json\/wp\/v2\/posts"}],"about":[{"href":"https:\/\/www.europesays.com\/fr\/wp-json\/wp\/v2\/types\/post"}],"author":[{"embeddable":true,"href":"https:\/\/www.europesays.com\/fr\/wp-json\/wp\/v2\/users\/2"}],"replies":[{"embeddable":true,"href":"https:\/\/www.europesays.com\/fr\/wp-json\/wp\/v2\/comments?post=575370"}],"version-history":[{"count":0,"href":"https:\/\/www.europesays.com\/fr\/wp-json\/wp\/v2\/posts\/575370\/revisions"}],"wp:featuredmedia":[{"embeddable":true,"href":"https:\/\/www.europesays.com\/fr\/wp-json\/wp\/v2\/media\/575371"}],"wp:attachment":[{"href":"https:\/\/www.europesays.com\/fr\/wp-json\/wp\/v2\/media?parent=575370"}],"wp:term":[{"taxonomy":"category","embeddable":true,"href":"https:\/\/www.europesays.com\/fr\/wp-json\/wp\/v2\/categories?post=575370"},{"taxonomy":"post_tag","embeddable":true,"href":"https:\/\/www.europesays.com\/fr\/wp-json\/wp\/v2\/tags?post=575370"}],"curies":[{"name":"wp","href":"https:\/\/api.w.org\/{rel}","templated":true}]}}