{"id":575378,"date":"2025-12-03T12:54:12","date_gmt":"2025-12-03T12:54:12","guid":{"rendered":"https:\/\/www.europesays.com\/fr\/575378\/"},"modified":"2025-12-03T12:54:12","modified_gmt":"2025-12-03T12:54:12","slug":"le-chu-de-toulouse-noue-un-partenariat-international-pour-accelerer-la-recherche-contre-alzheimer","status":"publish","type":"post","link":"https:\/\/www.europesays.com\/fr\/575378\/","title":{"rendered":"Le CHU de Toulouse noue un partenariat international pour acc\u00e9l\u00e9rer la recherche contre Alzheimer"},"content":{"rendered":"<p>Un partenariat strat\u00e9gique pour faire avancer la recherche. Le CHU de <a href=\"https:\/\/lopinion.com\/\" rel=\"noopener noreferrer\" target=\"_blank\">Toulouse<\/a> franchit une nouvelle \u00e9tape <strong>dans la lutte contre la maladie d\u2019Alzheimer<\/strong> en nouant un partenariat entre <a href=\"https:\/\/lopinion.com\/articles\/sante\/28801_ihu-toulousain-healthage-innove-outil-mieux-vieillir\" rel=\"noopener noreferrer\" target=\"_blank\">l\u2019IHU HealthAge<\/a> et l\u2019Alzheimer\u2019s Disease Data Initiative. Cette collaboration vise \u00e0 <strong>mettre en commun des donn\u00e9es essentielles<\/strong> issues de travaux men\u00e9s en France, afin d\u2019alimenter l\u2019une des plus grandes plateformes mondiales d\u00e9di\u00e9es \u00e0 la recherche sur les d\u00e9mences.\u00a0<\/p>\n<p>Des donn\u00e9es toulousaines accessibles aux chercheurs du monde entier<\/p>\n<p>Au c\u0153ur de l\u2019accord : l\u2019int\u00e9gration sur <strong>la plateforme AD Workbench<\/strong> des donn\u00e9es recueillies par <a href=\"https:\/\/lopinion.com\/articles\/sante\/28540_ihu-healthage-toulouse-concours-international\" rel=\"noopener noreferrer\" target=\"_blank\">l\u2019IHU HealthAge<\/a>, dont celles de la cohorte INSPIRE qui <strong>\u00ab\u00a0suit plus de 1.100 personnes chaque ann\u00e9e\u00a0\u00bb<\/strong>. Selon le centre hospitalier toulousain, cette mise \u00e0 disposition permettra aux scientifiques d\u2019acc\u00e9der plus largement \u00e0 des informations cruciales sur <strong>\u00ab\u00a0le vieillissement, la m\u00e9moire, et les marqueurs biologiques des maladies neurod\u00e9g\u00e9n\u00e9ratives\u00a0\u00bb<\/strong>.\u00a0<\/p>\n<p>L\u2019AD Workbench constitue d\u00e9j\u00e0 une mine d\u2019informations consid\u00e9rable, rassemblant <strong>\u00ab\u00a0plus d\u2019un million de dossiers provenant de plus de 300 projets internationaux\u00a0\u00bb<\/strong>. L\u2019arriv\u00e9e de donn\u00e9es fran\u00e7aises viendra renforcer cette base et diversifier encore les profils \u00e9tudi\u00e9s.\u00a0<\/p>\n<p>Un enjeu mondial : mieux comprendre et mieux diagnostiquer<\/p>\n<p>La maladie d\u2019Alzheimer et les pathologies apparent\u00e9es repr\u00e9sentent aujourd\u2019hui un d\u00e9fi de sant\u00e9 publique majeur. Comme le rappelle le CHU : <strong>55 millions de personnes vivent avec une maladie neurod\u00e9g\u00e9n\u00e9rative<\/strong>. Face \u00e0 ce constat, l\u2019union des donn\u00e9es et des expertises est indispensable pour acc\u00e9l\u00e9rer les d\u00e9couvertes.\u00a0<\/p>\n<p>Gr\u00e2ce \u00e0 ce partenariat, les chercheurs pourront d\u00e9velopper <a href=\"https:\/\/lopinion.com\/articles\/sante\/27322_toulouse-age-biologique-vieillir-bonne-sante\" rel=\"noopener noreferrer\" target=\"_blank\">de nouveaux outils de diagnostic pr\u00e9coce<\/a> ou identifier des pistes th\u00e9rapeutiques in\u00e9dites.<\/p>\n<p>HealthAge, un IHU fran\u00e7ais d\u00e9di\u00e9 au vieillissement<\/p>\n<p>Labellis\u00e9 en 2023, l\u2019IHU HealthAge se distingue comme <strong>le seul IHU en France exclusivement d\u00e9di\u00e9 au vieillissement<\/strong>. Sa mission : comprendre les m\u00e9canismes du vieillissement et imaginer des solutions concr\u00e8tes pour accompagner la long\u00e9vit\u00e9 en bonne sant\u00e9. L\u2019institut s\u2019appuie sur <strong>\u00ab\u00a0plus de 20 ans d\u2019exp\u00e9rience et d\u2019excellence au sein du G\u00e9rontop\u00f4le de Toulouse\u00a0\u00bb<\/strong>.\u00a0<\/p>\n<p>HealthAge d\u00e9ploie une<strong> approche globale<\/strong>, issue de la G\u00e9roscience, discipline qui <strong>\u00ab\u00a0propose d\u2019agir sur le vieillissement biologique, principal facteur de risque des maladies chroniques li\u00e9es \u00e0 l\u2019\u00e2ge\u00a0\u00bb<\/strong>. Cette vision, d\u00e9crite comme<strong> \u00ab\u00a0holistique, syst\u00e9mique et pr\u00e9ventive\u00a0\u00bb<\/strong>, permet de cibler les capacit\u00e9s essentielles telles que la vision, la mobilit\u00e9 ou la m\u00e9moire afin de prolonger l\u2019esp\u00e9rance de vie en bonne sant\u00e9.\u00a0<\/p>\n<p>&gt;&gt; Infos pratiques : <\/p>\n<p>Les chercheurs souhaitant \u00e9tudier les donn\u00e9es de l&rsquo;IHU HealthAge peuvent demander l&rsquo;acc\u00e8s \u00e0 l&rsquo;AD Workbench \u00e0 cette adresse : <a href=\"https:\/\/discover.alzheimersdata.org\/\" rel=\"noopener noreferrer\" target=\"_blank\">discover.alzheimersdata.org<\/a>.<\/p>\n<p>&gt;&gt; \u00c0 LIRE AUSSI : <a href=\"https:\/\/lopinion.com\/articles\/sante\/31367_parcours-soins-seniors-chu-toulouse-projet-experimental-iatroprev\" rel=\"noopener noreferrer\" target=\"_blank\">Parcours de soins des seniors : le CHU de Toulouse rejoint le projet exp\u00e9rimental Iatroprev<\/a><\/p>\n","protected":false},"excerpt":{"rendered":"Un partenariat strat\u00e9gique pour faire avancer la recherche. Le CHU de Toulouse franchit une nouvelle \u00e9tape dans la&hellip;\n","protected":false},"author":2,"featured_media":575379,"comment_status":"","ping_status":"","sticky":false,"template":"","format":"standard","meta":{"footnotes":""},"categories":[2816],"tags":[1111,11,1777,674,1011,27,12,2680,25,2312],"class_list":{"0":"post-575378","1":"post","2":"type-post","3":"status-publish","4":"format-standard","5":"has-post-thumbnail","7":"category-toulouse","8":"tag-actu","9":"tag-actualites","10":"tag-eu","11":"tag-europe","12":"tag-fr","13":"tag-france","14":"tag-news","15":"tag-occitanie","16":"tag-republique-francaise","17":"tag-toulouse"},"share_on_mastodon":{"url":"https:\/\/pubeurope.com\/@fr\/115655741615088832","error":""},"_links":{"self":[{"href":"https:\/\/www.europesays.com\/fr\/wp-json\/wp\/v2\/posts\/575378","targetHints":{"allow":["GET"]}}],"collection":[{"href":"https:\/\/www.europesays.com\/fr\/wp-json\/wp\/v2\/posts"}],"about":[{"href":"https:\/\/www.europesays.com\/fr\/wp-json\/wp\/v2\/types\/post"}],"author":[{"embeddable":true,"href":"https:\/\/www.europesays.com\/fr\/wp-json\/wp\/v2\/users\/2"}],"replies":[{"embeddable":true,"href":"https:\/\/www.europesays.com\/fr\/wp-json\/wp\/v2\/comments?post=575378"}],"version-history":[{"count":0,"href":"https:\/\/www.europesays.com\/fr\/wp-json\/wp\/v2\/posts\/575378\/revisions"}],"wp:featuredmedia":[{"embeddable":true,"href":"https:\/\/www.europesays.com\/fr\/wp-json\/wp\/v2\/media\/575379"}],"wp:attachment":[{"href":"https:\/\/www.europesays.com\/fr\/wp-json\/wp\/v2\/media?parent=575378"}],"wp:term":[{"taxonomy":"category","embeddable":true,"href":"https:\/\/www.europesays.com\/fr\/wp-json\/wp\/v2\/categories?post=575378"},{"taxonomy":"post_tag","embeddable":true,"href":"https:\/\/www.europesays.com\/fr\/wp-json\/wp\/v2\/tags?post=575378"}],"curies":[{"name":"wp","href":"https:\/\/api.w.org\/{rel}","templated":true}]}}