{"id":575380,"date":"2025-12-03T12:55:12","date_gmt":"2025-12-03T12:55:12","guid":{"rendered":"https:\/\/www.europesays.com\/fr\/575380\/"},"modified":"2025-12-03T12:55:12","modified_gmt":"2025-12-03T12:55:12","slug":"pres-de-toulouse-a-quelques-jours-de-noel-le-magasin-de-jouet-oxybul-va-fermer-ses-portes","status":"publish","type":"post","link":"https:\/\/www.europesays.com\/fr\/575380\/","title":{"rendered":"Pr\u00e8s de Toulouse. \u00c0 quelques jours de No\u00ebl, le magasin de jouet Oxybul va fermer ses portes"},"content":{"rendered":"<p>                    Par<br \/>\n        <strong><br \/>\n            <a href=\"https:\/\/actu.fr\/auteur\/marie-lamarque\" title=\"Consulter tous les articles de Marie Lamarque\" target=\"_blank\" rel=\"noopener\">Marie Lamarque<\/a><br \/>\n                    <\/strong><\/p>\n<p>        Publi\u00e9 le<\/p>\n<p>            3 d\u00e9c. 2025 \u00e0 13h02        <\/p>\n<p>\u00ab\u00a0J\u2019allais y prendre des jouets pour mes neveux et ni\u00e8ces, il y a 12 ans\u00a0\u00bb ; \u00ab\u00a0C\u2019est vraiment triste, j\u2019aime beaucoup leurs jouets pour enfants\u00a0\u00bb\u2026 Les clients du centre commercial Lab\u00e8ge 2, au sud-est de <a href=\"https:\/\/actu.fr\/toulouse\/\" target=\"_blank\" rel=\"noopener\">Toulouse<\/a>, ne cachent pas leur d\u00e9ception.<\/p>\n<p class=\" wall-content\"><strong>Le magasin IDKids<\/strong> \u2014 qui rassemble les enseignes Oxybul, sp\u00e9cialis\u00e9 dans le jouet pour enfants, et les marques de pr\u00eat-\u00e0-porter Oba\u00efbi et Oka\u00efdi \u2014 va fermer ses portes \u00e0 quelques jours des f\u00eates de fin d\u2019ann\u00e9e, le samedi 20 d\u00e9cembre 2025. Une fermeture qui intervient plus d\u2019un an apr\u00e8s celle du magasin install\u00e9 place du Capitole, <a href=\"https:\/\/actu.fr\/occitanie\/toulouse_31555\/toulouse-cette-enseigne-destinee-aux-enfants-va-fermer-elle-quitte-la-place-du-capitole_61568014.html\" target=\"_blank\" rel=\"noopener\">en septembre 2024.<\/a><\/p>\n<p>Le groupe r\u00e9organise ses marques<\/p>\n<p class=\" wall-content\">\u00c0 nouveau, cette fermeture intervient dans le cadre de la politique de r\u00e9organisation du groupe IDKids, explique le magasin de Lab\u00e8ge. Il avait annonc\u00e9, en 2024, <strong>\u00ab\u2009une strat\u00e9gie de simplification\u2009\u00bb de ces marques<\/strong> en regroupant Oka\u00efdi, Oba\u00efbi et Oxybul sous la banni\u00e8re Oka\u00efdi + et entra\u00eenant <strong>la suppression de 300 postes<\/strong>.<\/p>\n<p class=\" wall-content\">\u00ab\u00a0Six salari\u00e9s\u00a0\u00bb travaillent au sein du magasin du centre commercial de Lab\u00e8ge. Tous encadr\u00e9s par \u00ab\u00a0un Plan de sauvegarde de l\u2019emploi (PSE)\u00a0\u00bb, explique la boutique, contact\u00e9e par Actu Toulouse.<\/p>\n<p>    <a href=\"https:\/\/www.google.com\/maps\/embed?pb=!1m18!1m12!1m3!1d2891.696321988714!2d1.5054687749392541!3d43.55037175907728!2m3!1f0!2f0!3f0!3m2!1i1024!2i768!4f13.1!3m3!1m2!1s0x12aebe09db12e863%3A0xbb703d1a64349c24!2sCentre%20commercial%20Lab%C3%A8ge%202!5e0!3m2!1sfr!2sfr!4v1764758850401!5m2!1sfr!2sfr\" title=\"Ouvrie le lien\" target=\"_blank\" rel=\"noopener\">Cliquez ici pour visualiser le contenu<\/a><\/p>\n<p>Vid\u00e9os : en ce moment sur ActuDes bonnes affaires avant la fermeture<\/p>\n<p class=\" wall-content\">Si l\u2019annonce de cette fermeture a pein\u00e9 certains habitu\u00e9s, ils pourront se consoler <strong>en profitant de bonnes affaires<\/strong>. Et cela tombe bien, la course aux cadeaux de No\u00ebl bat son plein. Le magasin fait -50% sur l\u2019article le moins cher, \u00e0 partir de deux articles achet\u00e9s, hors certains produits.\u00a0<\/p>\n<p class=\" wall-content\">IDKids et ses marques restent pr\u00e9sents au sein d\u2019autres centres commerciaux de l\u2019agglom\u00e9ration toulousaine. Mais pour retrouver plus sp\u00e9cifiquement les articles d\u2019Oxybul, il n\u2019y aura plus d\u2019autres choix que de se rendre au centre commercial du Grand Noble, \u00e0 Blagnac.<\/p>\n<p class=\" wall-content\">Personnalisez votre actualit\u00e9 en ajoutant vos villes et m\u00e9dias en favori avec <a href=\"https:\/\/moncompte.actu.fr\" title=\"D\u00e9couvez Mon Actu\" rel=\"nofollow noopener\" data-trk=\"{&quot;cta&quot;:{&quot;action&quot;:&quot;https:\\\/\\\/moncompte.actu.fr&quot;,&quot;category&quot;:&quot;mon compte&quot;,&quot;from&quot;:&quot;article footer&quot;,&quot;name&quot;:&quot;Mon actu&quot;,&quot;type&quot;:&quot;cta&quot;}}\" target=\"_blank\">Mon Actu<\/a>.<\/p>\n","protected":false},"excerpt":{"rendered":"Par Marie Lamarque Publi\u00e9 le 3 d\u00e9c. 2025 \u00e0 13h02 \u00ab\u00a0J\u2019allais y prendre des jouets pour mes neveux&hellip;\n","protected":false},"author":2,"featured_media":575381,"comment_status":"","ping_status":"","sticky":false,"template":"","format":"standard","meta":{"footnotes":""},"categories":[2816],"tags":[1111,11,215,1777,674,1011,27,12,2680,25,104,2312],"class_list":{"0":"post-575380","1":"post","2":"type-post","3":"status-publish","4":"format-standard","5":"has-post-thumbnail","7":"category-toulouse","8":"tag-actu","9":"tag-actualites","10":"tag-commerce","11":"tag-eu","12":"tag-europe","13":"tag-fr","14":"tag-france","15":"tag-news","16":"tag-occitanie","17":"tag-republique-francaise","18":"tag-societe","19":"tag-toulouse"},"share_on_mastodon":{"url":"https:\/\/pubeurope.com\/@fr\/115655745444921964","error":""},"_links":{"self":[{"href":"https:\/\/www.europesays.com\/fr\/wp-json\/wp\/v2\/posts\/575380","targetHints":{"allow":["GET"]}}],"collection":[{"href":"https:\/\/www.europesays.com\/fr\/wp-json\/wp\/v2\/posts"}],"about":[{"href":"https:\/\/www.europesays.com\/fr\/wp-json\/wp\/v2\/types\/post"}],"author":[{"embeddable":true,"href":"https:\/\/www.europesays.com\/fr\/wp-json\/wp\/v2\/users\/2"}],"replies":[{"embeddable":true,"href":"https:\/\/www.europesays.com\/fr\/wp-json\/wp\/v2\/comments?post=575380"}],"version-history":[{"count":0,"href":"https:\/\/www.europesays.com\/fr\/wp-json\/wp\/v2\/posts\/575380\/revisions"}],"wp:featuredmedia":[{"embeddable":true,"href":"https:\/\/www.europesays.com\/fr\/wp-json\/wp\/v2\/media\/575381"}],"wp:attachment":[{"href":"https:\/\/www.europesays.com\/fr\/wp-json\/wp\/v2\/media?parent=575380"}],"wp:term":[{"taxonomy":"category","embeddable":true,"href":"https:\/\/www.europesays.com\/fr\/wp-json\/wp\/v2\/categories?post=575380"},{"taxonomy":"post_tag","embeddable":true,"href":"https:\/\/www.europesays.com\/fr\/wp-json\/wp\/v2\/tags?post=575380"}],"curies":[{"name":"wp","href":"https:\/\/api.w.org\/{rel}","templated":true}]}}