{"id":575382,"date":"2025-12-03T12:57:12","date_gmt":"2025-12-03T12:57:12","guid":{"rendered":"https:\/\/www.europesays.com\/fr\/575382\/"},"modified":"2025-12-03T12:57:12","modified_gmt":"2025-12-03T12:57:12","slug":"un-escape-game-pour-sensibiliser-aux-pratiques-journalistiques","status":"publish","type":"post","link":"https:\/\/www.europesays.com\/fr\/575382\/","title":{"rendered":"un escape game pour sensibiliser aux pratiques journalistiques"},"content":{"rendered":"<p>                    Par<br \/>\n        <strong><br \/>\n            <a href=\"https:\/\/actu.fr\/auteur\/zoe-hondt\" title=\"Consulter tous les articles de Zoe Hondt\" target=\"_blank\" rel=\"noopener\">Zoe Hondt<\/a><br \/>\n                    <\/strong><\/p>\n<p>        Publi\u00e9 le<\/p>\n<p>            3 d\u00e9c. 2025 \u00e0 13h36        <\/p>\n<p>\u00ab\u00a0Bienvenue \u00e0 vous tous !\u00a0\u00bb <b>\u00c9<\/b><b>lisa Savaete<\/b> est journaliste \u00e0 Radio France et <b>Alban Leduc<\/b>, pigiste en presse \u00e9crite. Samedi 29 novembre, \u00e0 <b>l\u2019\u00c9cole sup\u00e9rieure de journalisme<\/b> (ESJ) de <a href=\"https:\/\/actu.fr\/lille\/\" target=\"_blank\" rel=\"noopener\">Lille<\/a> (Nord), ils animent un <b>atelier d\u2019\u00e9ducation aux m\u00e9dias<\/b> \u00ab\u00a0un peu diff\u00e9rent\u00a0\u00bb. Le principe : <b>sensibiliser aux pratiques journalistiques<\/b>, gr\u00e2ce \u00e0 leur <b>escape game<\/b> \u00ab\u00a0Cartes sur table\u00a0\u00bb. Trois participantes se pr\u00eatent au jeu : \u00ab\u00a0Vous \u00eates stagiaires dans notre jeune m\u00e9dia local et nous devons constituer la Une du journal. Nous avons besoin de vous, une information de derni\u00e8re minute vient de tomber.\u00a0\u00bb Elles ont trente minutes pour \u00ab\u00a0d\u00e9m\u00ealer le vrai du faux\u00a0\u00bb. Top chrono !<\/p>\n<p>\u00ab\u00a0\u00c7a m\u2019int\u00e9ressait de voir ce que vous deviez faire pour publier une info\u00a0\u00bb<\/p>\n<p class=\" wall-content\"><b>Inspir\u00e9 d\u2019un r\u00e9el fait divers<\/b>, le but du jeu est simple : \u00ab\u00a0se mettre dans la peau de journalistes pour enqu\u00eater sur une myst\u00e9rieuse histoire d\u2019intoxication alimentaire \u00e0 la cantine de l\u2019\u00e9cole du village\u00a0\u00bb. L\u2019information provient d\u2019une <b>publication Facebook factice<\/b>, cr\u00e9\u00e9e par les organisateurs. Reste \u00e0 d\u00e9couvrir s\u2019il ne s\u2019agit pas d\u2019une rumeur, o\u00f9 se d\u00e9roulent les faits et quels enfants sont concern\u00e9s. Les trois participantes disposent de tout <b>l\u2019attirail du journaliste<\/b> : un bloc-notes, un carnet d\u2019adresses et m\u00eame un t\u00e9l\u00e9phone pour contacter les sources. Pour les aider et <b>rendre la partie plus ludique<\/b>, Alban Leduc et \u00c9lisa Savaete ont pr\u00e9par\u00e9 des outils : de fausses analyses m\u00e9dicales, des communiqu\u00e9s de presse \u00e0 d\u00e9chiffrer et m\u00eame un jeu de soci\u00e9t\u00e9 Qui est-ce\u00a0? transform\u00e9 en trombinoscope.<\/p>\n<p class=\" wall-content\">\u00ab\u00a0Attention, il reste un peu moins de cinq minutes !\u00a0\u00bb Derniers instants pour mener l\u2019enqu\u00eate et cr\u00e9er la Une. Les journalistes guident les participantes : \u00ab\u00a0N\u2019oubliez pas, il faut toujours r\u00e9pondre aux cinq questions essentielles : qui ? quoi ? quand ? o\u00f9 ? et pourquoi ?\u00a0\u00bb La fin du chrono retentit. Vient le <b>moment de d\u00e9battre<\/b>. \u00ab\u00a0Alors qu\u2019en avez-vous pens\u00e9 ?\u00a0\u00bb demandent Alban et \u00c9lisa. Les avis sont unanimes : \u00ab\u00a0C\u2019est vachement int\u00e9ressant et bien pens\u00e9.\u00a0\u00bb<\/p>\n<p class=\" wall-content\">Au-del\u00e0 du jeu, les journalistes cherchent \u00e0 <b>comprendre le rapport que les participantes entretiennent avec les m\u00e9dias<\/b>. Isabelle s\u2019est inscrite la veille, \u00e0 la derni\u00e8re minute : \u00ab\u00a0\u00c7a m\u2019int\u00e9ressait de voir ce que vous deviez faire pour publier une info.\u00a0\u00bb Finalement \u00c9lisa Savaete conclut l\u2019atelier : \u00ab\u00a0Il faut rester prudent. \u00c7a arrive souvent que les informations ne soient pas v\u00e9rifi\u00e9es. C\u2019est tr\u00e8s dangereux.\u00a0\u00bb<\/p>\n<p>\u00ab\u00a0Il y avait peut-\u00eatre quelque chose \u00e0 faire avec les adultes, dans les espaces ruraux\u00a0\u00bb<\/p>\n<p class=\" wall-content\">\u00ab\u00a0Cartes sur table\u00a0\u00bb prend vie au cours d\u2019un \u00ab\u00a0voyage en v\u00e9lo de dix jours, en Normandie\u00a0\u00bb. Les deux journalistes, amis avant tout, faisaient r\u00e9guli\u00e8rement des \u00ab\u00a0pauses dans des bistrots\u00a0\u00bb, o\u00f9 ils entendaient des <b>discours n\u00e9gatifs et pessimistes<\/b> sur la profession : \u00ab\u00a0Des gens disaient que les m\u00e9dias ne servent \u00e0 rien.\u00a0\u00bb Le projet est donc venu de ce constat \u00ab\u00a0un peu flippant\u00a0\u00bb, avec l\u2019objectif de diminuer la \u00ab\u00a0d\u00e9fiance\u00a0\u00bb que beaucoup ont envers les journalistes. \u00ab\u00a0On s\u2019est toujours int\u00e9ress\u00e9s \u00e0 l\u2019\u00e9ducation aux m\u00e9dias, et pendant ce voyage, on s\u2019est dit qu\u2019il y avait peut-\u00eatre quelque chose \u00e0 faire avec les adultes, dans les espaces ruraux. Beaucoup pensent que ce n\u2019est que pour les jeunes, mais pas du tout\u00a0\u00bb, expliquent Alban et \u00c9lisa.<\/p>\n<p>Votre r\u00e9gion, votre actu !<\/p>\n<p>Recevez chaque jour les infos qui comptent pour vous.<\/p>\n<p>\t<a href=\"https:\/\/actu.fr\/newsletter\" class=\"ac-btn ac-btn--corner ac-btn--medium ac-btn--blue800\" target=\"_blank\" rel=\"noopener\">S&rsquo;incrire<\/a><\/p>\n<p class=\" wall-content\"><b>\u00c9tudiants \u00e0 l\u2019ESJ Lille<\/b> \u00e0 ce moment, ils passent d\u2019abord plusieurs mois \u00e0 imaginer le jeu pour <b>participer \u00e0 un concours<\/b> Ouest France. <b>Laur\u00e9ats<\/b>, \u00c9lisa Savaete et Alban Leduc d\u00e9cident de <b>s\u2019investir plus largement dans le projet<\/b>. En 2025, ils ont d\u00e9j\u00e0 pr\u00e9sent\u00e9 \u00ab\u00a0cinq ou six fois\u00a0\u00bb leur escape game. \u00ab\u00a0C\u2019est encore la phase de d\u00e9veloppement, o\u00f9 on am\u00e9liore notre jeu apr\u00e8s chaque partie. La deuxi\u00e8me phase est en cours : on essaye de trouver des partenaires pour financer le projet\u00a0\u00bb, expliquent-ils.<\/p>\n<p class=\" wall-content\">\u00c0 terme, Alban et \u00c9lisa aimeraient <b>cr\u00e9er le m\u00e9dia Cartes sur table<\/b>. Objectif : r\u00e9aliser des <b>reportages et podcasts<\/b> apr\u00e8s les parties de jeu, dans des <b>bistrots ou biblioth\u00e8ques en milieux ruraux<\/b>. \u00ab\u00a0Il y a des \u00e9changes, des d\u00e9bats. \u00c7a permet aux gens d\u2019exprimer leur avis sur les m\u00e9dias. Aujourd\u2019hui, c\u2019est difficile de dialoguer. On voudrait laisser une trace de nos passages.\u00a0\u00bb<\/p>\n<p class=\" wall-content\">Personnalisez votre actualit\u00e9 en ajoutant vos villes et m\u00e9dias en favori avec <a href=\"https:\/\/moncompte.actu.fr\" title=\"D\u00e9couvez Mon Actu\" rel=\"nofollow noopener\" data-trk=\"{&quot;cta&quot;:{&quot;action&quot;:&quot;https:\\\/\\\/moncompte.actu.fr&quot;,&quot;category&quot;:&quot;mon compte&quot;,&quot;from&quot;:&quot;article footer&quot;,&quot;name&quot;:&quot;Mon actu&quot;,&quot;type&quot;:&quot;cta&quot;}}\" target=\"_blank\">Mon Actu<\/a>.<\/p>\n","protected":false},"excerpt":{"rendered":"Par Zoe Hondt Publi\u00e9 le 3 d\u00e9c. 2025 \u00e0 13h36 \u00ab\u00a0Bienvenue \u00e0 vous tous !\u00a0\u00bb \u00c9lisa Savaete est&hellip;\n","protected":false},"author":2,"featured_media":575383,"comment_status":"","ping_status":"","sticky":false,"template":"","format":"standard","meta":{"footnotes":""},"categories":[2815],"tags":[1111,11,1777,674,1011,27,811,1307,500,12,25,104],"class_list":{"0":"post-575382","1":"post","2":"type-post","3":"status-publish","4":"format-standard","5":"has-post-thumbnail","7":"category-lille","8":"tag-actu","9":"tag-actualites","10":"tag-eu","11":"tag-europe","12":"tag-fr","13":"tag-france","14":"tag-hauts-de-france","15":"tag-lille","16":"tag-medias","17":"tag-news","18":"tag-republique-francaise","19":"tag-societe"},"share_on_mastodon":{"url":"https:\/\/pubeurope.com\/@fr\/115655753409333407","error":""},"_links":{"self":[{"href":"https:\/\/www.europesays.com\/fr\/wp-json\/wp\/v2\/posts\/575382","targetHints":{"allow":["GET"]}}],"collection":[{"href":"https:\/\/www.europesays.com\/fr\/wp-json\/wp\/v2\/posts"}],"about":[{"href":"https:\/\/www.europesays.com\/fr\/wp-json\/wp\/v2\/types\/post"}],"author":[{"embeddable":true,"href":"https:\/\/www.europesays.com\/fr\/wp-json\/wp\/v2\/users\/2"}],"replies":[{"embeddable":true,"href":"https:\/\/www.europesays.com\/fr\/wp-json\/wp\/v2\/comments?post=575382"}],"version-history":[{"count":0,"href":"https:\/\/www.europesays.com\/fr\/wp-json\/wp\/v2\/posts\/575382\/revisions"}],"wp:featuredmedia":[{"embeddable":true,"href":"https:\/\/www.europesays.com\/fr\/wp-json\/wp\/v2\/media\/575383"}],"wp:attachment":[{"href":"https:\/\/www.europesays.com\/fr\/wp-json\/wp\/v2\/media?parent=575382"}],"wp:term":[{"taxonomy":"category","embeddable":true,"href":"https:\/\/www.europesays.com\/fr\/wp-json\/wp\/v2\/categories?post=575382"},{"taxonomy":"post_tag","embeddable":true,"href":"https:\/\/www.europesays.com\/fr\/wp-json\/wp\/v2\/tags?post=575382"}],"curies":[{"name":"wp","href":"https:\/\/api.w.org\/{rel}","templated":true}]}}