{"id":575386,"date":"2025-12-03T12:59:11","date_gmt":"2025-12-03T12:59:11","guid":{"rendered":"https:\/\/www.europesays.com\/fr\/575386\/"},"modified":"2025-12-03T12:59:11","modified_gmt":"2025-12-03T12:59:11","slug":"municipales-2026-a-marseille-martine-vassal-dement-toute-alliance-avec-le-fake-national-et-qualifie-les-representants-du-rn-d-amateurs","status":"publish","type":"post","link":"https:\/\/www.europesays.com\/fr\/575386\/","title":{"rendered":"Municipales 2026 \u00e0 Marseille\u00a0: Martine Vassal d\u00e9ment toute alliance avec \u00ab\u00a0le fake national\u00a0\u00bb et qualifie les repr\u00e9sentants du RN d\u2019 \u00ab\u00a0amateurs\u00a0\u00bb"},"content":{"rendered":"<p class=\"paragraph text_align_left lp-f-body-02\">Elle avait laiss\u00e9 la porte ouverte \u00e0 un rapprochement avec le candidat <a href=\"https:\/\/www.leparisien.fr\/politique\/rn\/\" target=\"_blank\" rel=\"noreferrer noopener\">Rassemblement national<\/a> au second tour, avant de r\u00e9trop\u00e9daler. La candidate aux \u00e9lections municipales \u00e0 Marseille <a href=\"https:\/\/www.leparisien.fr\/elections\/municipales\/municipales-2026-polemique-a-marseille-apres-des-declarations-de-martine-vassal-sur-un-possible-rapprochement-avec-le-rn-au-second-tour-01-12-2025-BE5X4IANNRFSHFHAGQUCDB5FZE.php\" target=\"_blank\" rel=\"noreferrer noopener\">Martine Vassal<\/a>, soutenue par Renaissance, Horizons et Les R\u00e9publicains, a clarifi\u00e9 une premi\u00e8re fois sa position lundi sur X : \u00ab En aucun cas il n\u2019a \u00e9t\u00e9 question d\u2019une alliance avec les extr\u00eames, que j\u2019ai combattus pendant toute ma vie politique ! \u00bb.<\/p>\n<p class=\"paragraph text_align_left lp-f-body-02\">Dans <a href=\"https:\/\/actu.fr\/provence-alpes-cote-d-azur\/marseille_13055\/municipales-a-marseille-martine-vassal-etrille-le-bilan-de-benoit-payan-c-est-catastrophique_63512063.html\" target=\"_blank\" rel=\"noreferrer noopener\">Actu Marseille<\/a> ce mercredi, l\u2019actuelle pr\u00e9sidente du d\u00e9partement des Bouches-du-Rh\u00f4ne et de la m\u00e9tropole Aix Marseille Provence va plus loin. Elle qualifie son adversaire RN Franck Allisio d\u2019\u00ab amateur \u00bb, d\u2019\u00ab incomp\u00e9tent \u00bb : \u00ab Il fait du vent \u00bb.<\/p>\n<p class=\"paragraph text_align_left lp-f-body-02\">\u00ab On est tr\u00e8s clairs dans nos baskets : il n\u2019y a pas d\u2019alliance avec ce que j\u2019appelle le fake national, les repr\u00e9sentants du Rassemblement national qui sont des amateurs \u00bb, insiste-t-elle.<\/p>\n<p class=\"paragraph text_align_left lp-f-body-02\">Elle enfonce le clou en d\u00e9clarant qu\u2019au niveau local, les \u00e9lus du RN \u00ab ont besoin de <a href=\"https:\/\/www.leparisien.fr\/politique\/jordan-bardella\/\" target=\"_blank\" rel=\"noreferrer noopener\">Jordan Bardella<\/a> et Marine Le Pen pour se faire rep\u00e9rer. C\u2019est papa et maman pour pouvoir les pousser vers des si\u00e8ges \u00bb.<\/p>\n<p>\u00ab Une situation catastrophique \u00bb<\/p>\n<p class=\"paragraph text_align_left lp-f-body-02\">Martine Vassal peut compter sur <a href=\"https:\/\/www.leparisien.fr\/elections\/municipales\/municipales-2026-a-marseille-bruno-retailleau-apporte-son-soutien-a-martine-vassal-et-estime-que-lfi-est-le-veritable-adversaire-03-12-2025-KKU6KRFZEFHHXMZU4LD4TZU53Q.php\" target=\"_blank\" rel=\"noreferrer noopener\">le soutien de Bruno Retailleau<\/a>. Ce dernier a estim\u00e9 ce mercredi qu\u2019elle pouvait \u00ab gagner \u00bb les prochaines \u00e9lections municipales \u00e0 Marseille. \u00ab C\u2019est la meilleure candidate pour les Marseillaises et les Marseillais. Nous la soutenons \u00e0 fond. C\u2019est une femme courageuse et il faut beaucoup de courage aujourd\u2019hui pour prendre la suite d\u2019un maire qui n\u2019est pas \u00e0 la hauteur \u00bb, a d\u00e9clar\u00e9 le pr\u00e9sident du parti <a href=\"https:\/\/www.leparisien.fr\/politique\/lr\/\" rel=\"noopener\" target=\"_blank\">Les R\u00e9publicains<\/a>.<\/p>\n<p class=\"paragraph text_align_left lp-f-body-02\">Concernant le bilan du maire sortant, Martine Vassel estime d\u2019ailleurs que sur la s\u00e9curit\u00e9, \u00ab Marseille est dans une situation catastrophique \u00bb. Aupr\u00e8s de nos confr\u00e8res d\u2019Actu Marseille, elle compare le centre-ville \u00e0 \u00ab Crackopolis \u00bb et propose notamment de cr\u00e9er une Brigade anticriminalit\u00e9 (BAC) municipale.<\/p>\n<p class=\"title-embed-dailymotion lp-color-text lp-f-subtitle-04\">Vid\u00e9oNacrotrafic : le si\u00e8ge d&rsquo;Orange ferm\u00e9 temporairement suite \u00e0 des \u00ab\u00a0tensions\u00a0\u00bb dans le quartier<\/p>\n<p class=\"paragraph text_align_left lp-f-body-02\">Elle a aussi apport\u00e9 \u00ab tout \u00bb son soutien <a href=\"https:\/\/www.leparisien.fr\/elections\/municipales\/municipales-2026-a-marseille-supporter-iconique-de-lom-titi-cest-toi-le-boss-rejoint-la-liste-de-martine-vassal-24-11-2025-HL5IVTR6NFCBHE2AFSNTNYYSSY.php\" target=\"_blank\" rel=\"noreferrer noopener\">au supporter iconique de l\u2019OM, \u00ab Titi c\u2019est toi le boss \u00bb<\/a> qui a rejoint sa liste et qui fait depuis l\u2019objet de cyberharc\u00e8lement. \u00ab C\u2019est tr\u00e8s dur pour lui et c\u2019est injuste. Il a une exp\u00e9rience dans le sport inclusif qui est remarquable. J\u2019invite tous ses d\u00e9tracteurs \u00e0 regarder ce qu\u2019il a fait \u00bb, d\u00e9clare-t-elle, appelant \u00e0 lever l\u2019<a href=\"https:\/\/www.leparisien.fr\/high-tech\/projet-de-loi-numerique-5-minutes-pour-comprendre-le-debat-sur-la-levee-de-lanonymat-sur-les-reseaux-sociaux-04-10-2023-7Z2AAHJLWNFYPDJUI7PZVXQXX4.php\" target=\"_blank\" rel=\"noreferrer noopener\">anonymat sur les r\u00e9seaux sociaux<\/a>.<\/p>\n","protected":false},"excerpt":{"rendered":"Elle avait laiss\u00e9 la porte ouverte \u00e0 un rapprochement avec le candidat Rassemblement national au second tour, avant&hellip;\n","protected":false},"author":2,"featured_media":575387,"comment_status":"","ping_status":"","sticky":false,"template":"","format":"standard","meta":{"footnotes":""},"categories":[2814],"tags":[1111,11,5949,1777,674,1011,27,884,3554,12,316,882,25],"class_list":{"0":"post-575386","1":"post","2":"type-post","3":"status-publish","4":"format-standard","5":"has-post-thumbnail","7":"category-marseille","8":"tag-actu","9":"tag-actualites","10":"tag-elections","11":"tag-eu","12":"tag-europe","13":"tag-fr","14":"tag-france","15":"tag-marseille","16":"tag-municipales","17":"tag-news","18":"tag-politique","19":"tag-provence-alpes-cote-dazur","20":"tag-republique-francaise"},"share_on_mastodon":{"url":"https:\/\/pubeurope.com\/@fr\/115655761294329914","error":""},"_links":{"self":[{"href":"https:\/\/www.europesays.com\/fr\/wp-json\/wp\/v2\/posts\/575386","targetHints":{"allow":["GET"]}}],"collection":[{"href":"https:\/\/www.europesays.com\/fr\/wp-json\/wp\/v2\/posts"}],"about":[{"href":"https:\/\/www.europesays.com\/fr\/wp-json\/wp\/v2\/types\/post"}],"author":[{"embeddable":true,"href":"https:\/\/www.europesays.com\/fr\/wp-json\/wp\/v2\/users\/2"}],"replies":[{"embeddable":true,"href":"https:\/\/www.europesays.com\/fr\/wp-json\/wp\/v2\/comments?post=575386"}],"version-history":[{"count":0,"href":"https:\/\/www.europesays.com\/fr\/wp-json\/wp\/v2\/posts\/575386\/revisions"}],"wp:featuredmedia":[{"embeddable":true,"href":"https:\/\/www.europesays.com\/fr\/wp-json\/wp\/v2\/media\/575387"}],"wp:attachment":[{"href":"https:\/\/www.europesays.com\/fr\/wp-json\/wp\/v2\/media?parent=575386"}],"wp:term":[{"taxonomy":"category","embeddable":true,"href":"https:\/\/www.europesays.com\/fr\/wp-json\/wp\/v2\/categories?post=575386"},{"taxonomy":"post_tag","embeddable":true,"href":"https:\/\/www.europesays.com\/fr\/wp-json\/wp\/v2\/tags?post=575386"}],"curies":[{"name":"wp","href":"https:\/\/api.w.org\/{rel}","templated":true}]}}