{"id":575410,"date":"2025-12-03T13:13:15","date_gmt":"2025-12-03T13:13:15","guid":{"rendered":"https:\/\/www.europesays.com\/fr\/575410\/"},"modified":"2025-12-03T13:13:15","modified_gmt":"2025-12-03T13:13:15","slug":"allemagne-friedrich-merz-maintient-la-reforme-des-retraites-malgre-la-fronde-des-jeunes-conservateurs","status":"publish","type":"post","link":"https:\/\/www.europesays.com\/fr\/575410\/","title":{"rendered":"Allemagne: Friedrich Merz maintient la r\u00e9forme des retraites malgr\u00e9 la fronde des jeunes conservateurs"},"content":{"rendered":"<p class=\"mb-4 text-lg md:leading-8 break-words\">De notre correspondante \u00e0 Berlin,<\/p>\n<p class=\"mb-4 text-lg md:leading-8 break-words\">Ce sont 18 jeunes d\u00e9put\u00e9s conservateurs, de moins de 35 ans, qui appartiennent au mouvement de jeunesse de la CDU, le parti du chancelier. C\u2019est donc une fronde particuli\u00e8rement g\u00eanante pour <strong><a href=\"https:\/\/www.rfi.fr\/fr\/tag\/friedrich-merz\/\" class=\"link \" rel=\"nofollow noopener\" target=\"_blank\" data-ylk=\"slk:Friedrich Merz;elm:context_link;itc:0;sec:content-canvas\">Friedrich Merz<\/a><\/strong>, puisque le chancelier ne semble pas avoir son parti en main.<\/p>\n<p class=\"mb-4 text-lg md:leading-8 break-words\">Parmi ces frondeurs, il y a de nombreux juristes, ainsi que le petit-fils d\u2019Helmut Kohl. Mais la plupart de ces rebelles ne sont pas connus du grand public.<\/p>\n<p class=\"mb-4 text-lg md:leading-8 break-words\">Les jeunes \u00e9lus estiment que la r\u00e9forme des retraites, concoct\u00e9e par la majorit\u00e9 de Friedrich Merz, la CDU et les sociaux-d\u00e9mocrates, se fera sur le dos de leur g\u00e9n\u00e9ration. Il faut dire que le texte, tel qu\u2019il a \u00e9t\u00e9 accept\u00e9 par les deux partis, co\u00fbterait 120 milliards d\u2019euros de plus que la mouture voulue par les jeunes rebelles pour la p\u00e9riode 2032-2040. Les baby-boomers se feraient alors \u00ab\u00a0dorer au soleil\u00a0\u00bb \u00e0 leurs frais.<\/p>\n<p>Une r\u00e9forme en trois points<\/p>\n<p class=\"mb-4 text-lg md:leading-8 break-words\">La r\u00e9forme des retraites pr\u00e9voit trois points, \u00e2prement disput\u00e9s entre les conservateurs de Friedrich Merz et leur partenaire de coalition social-d\u00e9mocrate.\u00a0Tout d\u2019abord, la retraite active permettra aux retrait\u00e9s de gagner jusqu\u2019\u00e0 2\u00a0000 euros par mois non tax\u00e9s. C\u2019est un vieux projet de Friedrich Merz.<\/p>\n<p class=\"mb-4 text-lg md:leading-8 break-words\">Ensuite, c&rsquo;est un coup de pouce pour les retraites des femmes au foyer. Cette r\u00e9forme est voulue par les conservateurs <strong><a href=\"https:\/\/www.rfi.fr\/fr\/tag\/allemagne\/\" rel=\"nofollow noopener\" target=\"_blank\" data-ylk=\"slk:bavarois;elm:context_link;itc:0;sec:content-canvas\" class=\"link \">bavarois<\/a><\/strong>.\u00a0Et enfin, la r\u00e9forme pr\u00e9voit la stabilit\u00e9 du montant des retraites \u00e0 48% du salaire moyen, jusqu\u2019en 2031. Ces trois points font consensus. Le conflit avec les jeunes rebelles porte sur le niveau des retraites apr\u00e8s 2032.<\/p>\n<p class=\"mb-4 text-lg md:leading-8 break-words\">Les choses doivent aller vite si le gouvernement veut respecter le calendrier, avec un texte adopt\u00e9 d\u2019ici \u00e0 la fin de l\u2019ann\u00e9e. Cela pourrait se faire cette semaine. Mais mardi 2 d\u00e9cembre, un vote-galop d\u2019essai au sein du seul groupe parlementaire s\u2019est mal pass\u00e9 pour le chancelier. Vingt d\u00e9put\u00e9s de son camp conservateur se sont prononc\u00e9s contre la r\u00e9forme. Or, Friedrich Merz ne dispose que d\u2019une majorit\u00e9 tr\u00e8s \u00e9troite de 12 voix au Bundestag.<\/p>\n<p class=\"mb-4 text-lg md:leading-8 break-words\">\u00c0 lire aussi<a href=\"https:\/\/fr.news.yahoo.com\/lallemagne-vote-budget-2026-hors-052246461.html\" class=\"link  yahoo-link\" data-ylk=\"slk:L&#039;Allemagne vote un budget 2026 hors norme marqu\u00e9 par l&#039;abandon de son habituelle rigueur budg\u00e9taire;elm:context_link;itc:0;sec:content-canvas;outcm:mb_qualified_link;_E:mb_qualified_link;ct:story;\" rel=\"nofollow noopener\" target=\"_blank\">L&rsquo;Allemagne vote un budget 2026 hors norme marqu\u00e9 par l&rsquo;abandon de son habituelle rigueur budg\u00e9taire<\/a><\/p>\n","protected":false},"excerpt":{"rendered":"De notre correspondante \u00e0 Berlin, Ce sont 18 jeunes d\u00e9put\u00e9s conservateurs, de moins de 35 ans, qui appartiennent&hellip;\n","protected":false},"author":2,"featured_media":575411,"comment_status":"","ping_status":"","sticky":false,"template":"","format":"standard","meta":{"footnotes":""},"categories":[1587],"tags":[11,672,1804,51495,1805,1803,1777,674,4710,1801,12,11036,1802],"class_list":{"0":"post-575410","1":"post","2":"type-post","3":"status-publish","4":"format-standard","5":"has-post-thumbnail","7":"category-allemagne","8":"tag-actualites","9":"tag-allemagne","10":"tag-bundesrepublik-deutschland","11":"tag-conservateurs","12":"tag-de","13":"tag-deutschland","14":"tag-eu","15":"tag-europe","16":"tag-friedrich-merz","17":"tag-germany","18":"tag-news","19":"tag-reforme-des-retraites","20":"tag-republique-federale-dallemagne"},"share_on_mastodon":{"url":"https:\/\/pubeurope.com\/@fr\/115655816343379596","error":""},"_links":{"self":[{"href":"https:\/\/www.europesays.com\/fr\/wp-json\/wp\/v2\/posts\/575410","targetHints":{"allow":["GET"]}}],"collection":[{"href":"https:\/\/www.europesays.com\/fr\/wp-json\/wp\/v2\/posts"}],"about":[{"href":"https:\/\/www.europesays.com\/fr\/wp-json\/wp\/v2\/types\/post"}],"author":[{"embeddable":true,"href":"https:\/\/www.europesays.com\/fr\/wp-json\/wp\/v2\/users\/2"}],"replies":[{"embeddable":true,"href":"https:\/\/www.europesays.com\/fr\/wp-json\/wp\/v2\/comments?post=575410"}],"version-history":[{"count":0,"href":"https:\/\/www.europesays.com\/fr\/wp-json\/wp\/v2\/posts\/575410\/revisions"}],"wp:featuredmedia":[{"embeddable":true,"href":"https:\/\/www.europesays.com\/fr\/wp-json\/wp\/v2\/media\/575411"}],"wp:attachment":[{"href":"https:\/\/www.europesays.com\/fr\/wp-json\/wp\/v2\/media?parent=575410"}],"wp:term":[{"taxonomy":"category","embeddable":true,"href":"https:\/\/www.europesays.com\/fr\/wp-json\/wp\/v2\/categories?post=575410"},{"taxonomy":"post_tag","embeddable":true,"href":"https:\/\/www.europesays.com\/fr\/wp-json\/wp\/v2\/tags?post=575410"}],"curies":[{"name":"wp","href":"https:\/\/api.w.org\/{rel}","templated":true}]}}