{"id":575420,"date":"2025-12-03T13:19:20","date_gmt":"2025-12-03T13:19:20","guid":{"rendered":"https:\/\/www.europesays.com\/fr\/575420\/"},"modified":"2025-12-03T13:19:20","modified_gmt":"2025-12-03T13:19:20","slug":"miss-france-2026-ces-trois-regions-nont-jamais-gagne-dans-lhistoire-du-concours","status":"publish","type":"post","link":"https:\/\/www.europesays.com\/fr\/575420\/","title":{"rendered":"Miss France 2026\u00a0: ces trois r\u00e9gions n\u2019ont jamais gagn\u00e9 dans l\u2019histoire du concours"},"content":{"rendered":"<p>\n                                                                    l&rsquo;essentiel<br \/>\n                                                                L\u2019\u00e9lection de Miss France 2026 sera organis\u00e9e ce samedi 6\u00a0d\u00e9cembre au Z\u00e9nith d\u2019Amiens. Trente jeunes femmes sont en comp\u00e9tition. Trois candidates aimeraient offrir une premi\u00e8re couronne \u00e0 leurs territoires.\n                            <\/p>\n<p>Dans l\u2019histoire du concours Miss France, c\u2019est la r\u00e9gion Ile-de-France qui a d\u00e9croch\u00e9 le plus souvent le titre de plus belle femme de France. La r\u00e9gion parisienne affiche 16 victoires au compteur depuis 1920. Elle devance Provence Alpes C\u00f4te d&rsquo;Azur \u00e0 la seconde place avec 8 victoires. En 3e place se trouvent trois r\u00e9gions ex aequo\u00a0: Alsace, Normandie et Aquitaine.<\/p>\n<p class=\"std-elt__inline\">\n        <strong>\u00c0 lire aussi :<\/strong><br \/>\n        <a href=\"https:\/\/www.ladepeche.fr\/2025\/11\/29\/miss-france-2026-votez-pour-votre-candidate-preferee-13079884.php\" target=\"_blank\" rel=\"noopener\">Miss France 2026\u00a0: votez pour votre candidate pr\u00e9f\u00e9r\u00e9e\u00a0!<\/a>\n    <\/p>\n<p>En 100 ans d\u2019\u00e9lections, trois r\u00e9gions n\u2019ont jamais eu le bonheur de voir leur candidate sur la plus haute marche du podium. Il s\u2019agit du <strong>Limousin<\/strong>, de l\u2019<strong>Auvergne<\/strong> et de <strong>Champagne-Ardenne<\/strong>. Outremer, l\u2019\u00eele de Mayotte est dans la m\u00eame situation.<\/p>\n<p>Miss Auvergne s\u2019est fait remarquer pendant la pr\u00e9paration du concours \u00e0 la Martinique. Elle a obtenu la premi\u00e8re note au test de culture g\u00e9n\u00e9rale. Alice De Lima Guinmaraes a d\u00e9croch\u00e9 18\/20. Les r\u00e9sultats du test, le comportement et l\u2019attitude des candidates sont scrut\u00e9s \u00e0 la loupe pendant le voyage de pr\u00e9paration et permettent \u00e0 la soci\u00e9t\u00e9 <a href=\"https:\/\/www.ladepeche.fr\/divertissement\/tele-medias\/miss-france\/\" target=\"_blank\" rel=\"noopener\">Miss France<\/a> d\u2019\u00e9tablir le Top 12 qui sera d\u00e9voil\u00e9 samedi en cours de soir\u00e9e.<\/p>\n<p class=\"std-elt__inline\">\n        <strong>\u00c0 lire aussi :<\/strong><br \/>\n        <a href=\"https:\/\/www.ladepeche.fr\/2025\/11\/16\/miss-france-2026-les-photos-officielles-des-30-candidates-en-maillot-de-bain-13052200.php\" target=\"_blank\" rel=\"noopener\">Miss France 2026\u00a0: les photos officielles des 30 candidates en maillot de bain<\/a>\n    <\/p>\n<p>Le poids du vote de plusieurs r\u00e9gions<\/p>\n<p>Si Limousin, Auvergne et Champagne-Ardenne n\u2019ont jamais gagn\u00e9, ce n\u2019est pas parce que les candidates y sont beaucoup moins jolies qu\u2019ailleurs en France. Le d\u00e9coupage des r\u00e9gions influe sur la r\u00e9partition des votes des t\u00e9l\u00e9spectateurs. Dans le Sud, pas de Miss Languedoc-Roussillon mais une Miss Languedoc et une Miss Roussillon. Pas de Miss PACA mais une Miss Provence et une Miss C\u00f4te d&rsquo;Azur. Un inconv\u00e9nient face \u00e0 des r\u00e9gions comme le Nord-Pas-de-Calais ou la Normandie qui sont repr\u00e9sent\u00e9es par une seule et m\u00eame candidate qui peut ainsi cumuler les votes.<\/p>\n<p>Une surprise reste toujours possible. Pas plus tard que l\u2019an dernier, Miss Martinique Ang\u00e9lique Angarni-Filopon est devenue Miss France. Jusque-l\u00e0, la Martinique n\u2019avait jamais d\u00e9croch\u00e9 le titre.<\/p>\n<p>D\u2019ici le samedi 6\u00a0d\u00e9cembre, suivez chaque jour toute l\u2019actualit\u00e9 de\u00a0<a href=\"https:\/\/www.ladepeche.fr\/divertissement\/tele-medias\/miss-france\/\" target=\"_blank\" rel=\"noopener\">Miss France 2026<\/a>\u00a0sur ladepeche.fr.<\/p>\n","protected":false},"excerpt":{"rendered":"l&rsquo;essentiel L\u2019\u00e9lection de Miss France 2026 sera organis\u00e9e ce samedi 6\u00a0d\u00e9cembre au Z\u00e9nith d\u2019Amiens. Trente jeunes femmes sont&hellip;\n","protected":false},"author":2,"featured_media":575421,"comment_status":"","ping_status":"","sticky":false,"template":"","format":"standard","meta":{"footnotes":""},"categories":[4],"tags":[11,58,1011,27,68926,12,25,68925],"class_list":{"0":"post-575420","1":"post","2":"type-post","3":"status-publish","4":"format-standard","5":"has-post-thumbnail","7":"category-france","8":"tag-actualites","9":"tag-divertissement","10":"tag-fr","11":"tag-france","12":"tag-miss-france-2026","13":"tag-news","14":"tag-republique-francaise","15":"tag-tu00e9lu00e9-mu00e9dias"},"share_on_mastodon":{"url":"https:\/\/pubeurope.com\/@fr\/115655839765200569","error":""},"_links":{"self":[{"href":"https:\/\/www.europesays.com\/fr\/wp-json\/wp\/v2\/posts\/575420","targetHints":{"allow":["GET"]}}],"collection":[{"href":"https:\/\/www.europesays.com\/fr\/wp-json\/wp\/v2\/posts"}],"about":[{"href":"https:\/\/www.europesays.com\/fr\/wp-json\/wp\/v2\/types\/post"}],"author":[{"embeddable":true,"href":"https:\/\/www.europesays.com\/fr\/wp-json\/wp\/v2\/users\/2"}],"replies":[{"embeddable":true,"href":"https:\/\/www.europesays.com\/fr\/wp-json\/wp\/v2\/comments?post=575420"}],"version-history":[{"count":0,"href":"https:\/\/www.europesays.com\/fr\/wp-json\/wp\/v2\/posts\/575420\/revisions"}],"wp:featuredmedia":[{"embeddable":true,"href":"https:\/\/www.europesays.com\/fr\/wp-json\/wp\/v2\/media\/575421"}],"wp:attachment":[{"href":"https:\/\/www.europesays.com\/fr\/wp-json\/wp\/v2\/media?parent=575420"}],"wp:term":[{"taxonomy":"category","embeddable":true,"href":"https:\/\/www.europesays.com\/fr\/wp-json\/wp\/v2\/categories?post=575420"},{"taxonomy":"post_tag","embeddable":true,"href":"https:\/\/www.europesays.com\/fr\/wp-json\/wp\/v2\/tags?post=575420"}],"curies":[{"name":"wp","href":"https:\/\/api.w.org\/{rel}","templated":true}]}}