{"id":575422,"date":"2025-12-03T13:22:15","date_gmt":"2025-12-03T13:22:15","guid":{"rendered":"https:\/\/www.europesays.com\/fr\/575422\/"},"modified":"2025-12-03T13:22:15","modified_gmt":"2025-12-03T13:22:15","slug":"le-regret-durios-sur-sa-brouille-avec-jalibert-et-woki","status":"publish","type":"post","link":"https:\/\/www.europesays.com\/fr\/575422\/","title":{"rendered":"le regret d\u2019Urios sur sa brouille avec Jalibert et Woki"},"content":{"rendered":"<p>Cela a sonn\u00e9 le d\u00e9but de la fin pour Christophe Urios. En 2019, le manager d\u00e9cidait de rejoindre <a href=\"https:\/\/www.quinzemondial.com\/top-14\/ubb-pour-un-grand-nom-des-bleus-depoortere-ressemble-a-une-legende-toulousaine-820948\" target=\"_blank\" rel=\"noopener\">l\u2019UBB<\/a> apr\u00e8s avoir fait des miracles du c\u00f4t\u00e9 d\u2019Oyonnax puis Castres, remportant m\u00eame le Brennus avec les Tarnais. Aur\u00e9ol\u00e9 d\u2019une excellente r\u00e9putation, l\u2019ancien talonneur a permis aux <a href=\"https:\/\/www.quinzemondial.com\/top-14\/ubb-avant-de-rejoindre-le-club-un-ouvreur-va-finir-la-saison-a-perpignan-820950\" target=\"_blank\" rel=\"noopener\">Girondins<\/a> de monter en puissance et de s\u2019installer parmi les meilleures \u00e9curies fran\u00e7aises, se qualifiant r\u00e9guli\u00e8rement pour les demi-finales.<\/p>\n<p>\u00ab\u00a0J\u2019aurais d\u00fb leur pr\u00e9ciser ma pens\u00e9e\u00a0\u00bb<\/p>\n<p>N\u00e9anmoins, la fin de son aventure s\u2019est av\u00e9r\u00e9e plus compliqu\u00e9e, surtout dans la relation avec ses joueurs. D\u00e9\u00e7u par leur rendement apr\u00e8s le Grand Chelem 2022, Urios avait alors publiquement remis en question Cameron Woki et Matthieu Jalibert. Les deux joueurs avaient \u00e9t\u00e9 piqu\u00e9s au vif et le technicien avait fini par \u00eatre \u00e9cart\u00e9 en d\u00e9but de saison suivante. Dans les colonnes de <a href=\"https:\/\/www.lequipe.fr\/Rugby\/Article\/Christophe-urios-l-entraineur-clermontois-au-fameux-franc-parler-se-livre-sur-son-rapport-aux-mots-les-gens-pas-lisibles-ils-me-font-peur\/1613855\" target=\"_blank\" rel=\"noopener\">L\u2019Equipe<\/a>, il est revenu avec franchise sur cet \u00e9pisode, regrettant un manque de communication.<\/p>\n<blockquote>\n<p>\u00ab\u00a0 Apr\u00e8s avoir remport\u00e9 le Grand Chelem avec les Bleus en 2022, ils avaient du mal \u00e0 se remettre dans le collectif. On s\u2019\u00e9tait fait \u2018rotofiler\u2019 par Perpignan. L\u2019\u00e9quipe n\u2019avait pas \u00e9t\u00e9 bonne et eux catastrophiques. En conf de presse, j\u2019ai dit : \u201cMatthieu\u00a0et\u00a0Cameron, on ne les a pas vus aujourd\u2019hui\u201d. Rien de grave mais c\u2019est mont\u00e9 en mayonnaise. Je n\u2019ai jamais regrett\u00e9 mes propos. J\u2019aurais juste d\u00fb parler \u00e0 mes joueurs en priv\u00e9, leur pr\u00e9ciser ma pens\u00e9e. Ne pas l\u2019avoir fait a cr\u00e9\u00e9 de l\u2019incompr\u00e9hension. C\u2019est du pass\u00e9, aujourd\u2019hui, on se fait la bise \u00bb.<\/p>\n<\/blockquote>\n<p>Partagez cette info avec vos amis et vos proches en cliquant ici<br \/>Pour r\u00e9sumer<\/p>\n<p>Christophe Urios est revenu dans les colonnes de L\u2019Equipe sur sa brouille avec Matthieu Jalibert et Cameron Woki lors de la fin de son aventure \u00e0 la t\u00eate de l\u2019Union Bordeaux-B\u00e8gles. L\u2019ancien talonneur aurait aim\u00e9 faire les choses diff\u00e9remment.<\/p>\n<p> <img decoding=\"async\" width=\"76\" height=\"76\" loading=\"lazy\" src=\"https:\/\/www.europesays.com\/fr\/wp-content\/uploads\/2025\/04\/avatar-quinze.png\" alt=\"Arnaud D\u00e9chelotte\"\/><\/p>\n","protected":false},"excerpt":{"rendered":"Cela a sonn\u00e9 le d\u00e9but de la fin pour Christophe Urios. En 2019, le manager d\u00e9cidait de rejoindre&hellip;\n","protected":false},"author":2,"featured_media":575423,"comment_status":"","ping_status":"","sticky":false,"template":"","format":"standard","meta":{"footnotes":""},"categories":[1416],"tags":[1011,27,479,1468,60,478],"class_list":{"0":"post-575422","1":"post","2":"type-post","3":"status-publish","4":"format-standard","5":"has-post-thumbnail","7":"category-rugby","8":"tag-fr","9":"tag-france","10":"tag-rugby","11":"tag-rugby-football","12":"tag-sports","13":"tag-top-14"},"share_on_mastodon":{"url":"https:\/\/pubeurope.com\/@fr\/115655852483576724","error":""},"_links":{"self":[{"href":"https:\/\/www.europesays.com\/fr\/wp-json\/wp\/v2\/posts\/575422","targetHints":{"allow":["GET"]}}],"collection":[{"href":"https:\/\/www.europesays.com\/fr\/wp-json\/wp\/v2\/posts"}],"about":[{"href":"https:\/\/www.europesays.com\/fr\/wp-json\/wp\/v2\/types\/post"}],"author":[{"embeddable":true,"href":"https:\/\/www.europesays.com\/fr\/wp-json\/wp\/v2\/users\/2"}],"replies":[{"embeddable":true,"href":"https:\/\/www.europesays.com\/fr\/wp-json\/wp\/v2\/comments?post=575422"}],"version-history":[{"count":0,"href":"https:\/\/www.europesays.com\/fr\/wp-json\/wp\/v2\/posts\/575422\/revisions"}],"wp:featuredmedia":[{"embeddable":true,"href":"https:\/\/www.europesays.com\/fr\/wp-json\/wp\/v2\/media\/575423"}],"wp:attachment":[{"href":"https:\/\/www.europesays.com\/fr\/wp-json\/wp\/v2\/media?parent=575422"}],"wp:term":[{"taxonomy":"category","embeddable":true,"href":"https:\/\/www.europesays.com\/fr\/wp-json\/wp\/v2\/categories?post=575422"},{"taxonomy":"post_tag","embeddable":true,"href":"https:\/\/www.europesays.com\/fr\/wp-json\/wp\/v2\/tags?post=575422"}],"curies":[{"name":"wp","href":"https:\/\/api.w.org\/{rel}","templated":true}]}}