{"id":575426,"date":"2025-12-03T13:27:15","date_gmt":"2025-12-03T13:27:15","guid":{"rendered":"https:\/\/www.europesays.com\/fr\/575426\/"},"modified":"2025-12-03T13:27:15","modified_gmt":"2025-12-03T13:27:15","slug":"un-nouveau-role-pour-vincent-terrier-actualite","status":"publish","type":"post","link":"https:\/\/www.europesays.com\/fr\/575426\/","title":{"rendered":"Un nouveau r\u00f4le pour Vincent Terrier &#8211; Actualit\u00e9"},"content":{"rendered":"<p style=\"text-align: justify;\">Un an <strong><a href=\"https:\/\/www.directvelo.com\/actualite\/117510\/vincent-terrier-aider-a-faire-grandir-le-projet\" target=\"_blank\" rel=\"noopener\">apr\u00e8s son arriv\u00e9e comme entra\u00eeneur de la Continentale China Anta-Mentech Cycling Team<\/a><\/strong>, qui est en partie financ\u00e9e par la F\u00e9d\u00e9ration chinoise de cyclisme, Vincent Terrier va occuper un nouveau r\u00f4le au sein de l\u2019instance en 2026.<\/p>\n<p>En vue des Jeux Olympiques de Los Angeles 2028, il va \u00e9pauler son compatriote fran\u00e7ais Beno\u00eet Vetu, entra\u00eeneur national sur piste. Il aura la casquette de Directeur de la performance sportive et de l\u2019optimisation des \u00e9quipements. \u201cMa mission sera ax\u00e9e autour de la recherche et d\u00e9veloppement, des bikefitting ou encore de l&rsquo;a\u00e9ro, et ce en collaboration avec les coachs\u201d, indique-t-il \u00e0 DirectVelo.<\/p>\n<p>Vincent Terrier avait \u00e9t\u00e9 entra\u00eeneur chez Cofidis de 2021 \u00e0 2024. Auparavant, il avait offici\u00e9 au Chamb\u00e9ry CF, avant de passer \u00e0 Bourg-en-Bresse Ain Cyclisme puis \u00e0 l\u2019EC Saint-\u00c9tienne Loire.<\/p>\n","protected":false},"excerpt":{"rendered":"Un an apr\u00e8s son arriv\u00e9e comme entra\u00eeneur de la Continentale China Anta-Mentech Cycling Team, qui est en partie&hellip;\n","protected":false},"author":2,"featured_media":575427,"comment_status":"","ping_status":"","sticky":false,"template":"","format":"standard","meta":{"footnotes":""},"categories":[1411],"tags":[834,828,836,829,837,827,83,826,824,823,1154,207,814,817,815,816,822,821,832,211,839,1011,27,820,818,819,835,831,830,833,838,60,212,208,825],"class_list":{"0":"post-575426","1":"post","2":"type-post","3":"status-publish","4":"format-standard","5":"has-post-thumbnail","7":"category-cyclisme","8":"tag-attaque","9":"tag-belgique","10":"tag-braquet","11":"tag-bretagne","12":"tag-chute","13":"tag-competition","14":"tag-coupe-de-france","15":"tag-coureur","16":"tag-course-cyclisme","17":"tag-course-cycliste","18":"tag-cycling","19":"tag-cyclisme","20":"tag-direct","21":"tag-direct-velo","22":"tag-directvelo","23":"tag-directvelo-com","24":"tag-epreuve","25":"tag-epreuve-cycliste","26":"tag-federation-francaise-de-cyclisme","27":"tag-ffc","28":"tag-flandres","29":"tag-fr","30":"tag-france","31":"tag-live","32":"tag-live-course","33":"tag-live-epreuve","34":"tag-peloton","35":"tag-radio-peloton","36":"tag-radio-tour","37":"tag-ravitaillement","38":"tag-relance","39":"tag-sports","40":"tag-uci","41":"tag-velo","42":"tag-velos"},"share_on_mastodon":{"url":"https:\/\/pubeurope.com\/@fr\/115655871413664220","error":""},"_links":{"self":[{"href":"https:\/\/www.europesays.com\/fr\/wp-json\/wp\/v2\/posts\/575426","targetHints":{"allow":["GET"]}}],"collection":[{"href":"https:\/\/www.europesays.com\/fr\/wp-json\/wp\/v2\/posts"}],"about":[{"href":"https:\/\/www.europesays.com\/fr\/wp-json\/wp\/v2\/types\/post"}],"author":[{"embeddable":true,"href":"https:\/\/www.europesays.com\/fr\/wp-json\/wp\/v2\/users\/2"}],"replies":[{"embeddable":true,"href":"https:\/\/www.europesays.com\/fr\/wp-json\/wp\/v2\/comments?post=575426"}],"version-history":[{"count":0,"href":"https:\/\/www.europesays.com\/fr\/wp-json\/wp\/v2\/posts\/575426\/revisions"}],"wp:featuredmedia":[{"embeddable":true,"href":"https:\/\/www.europesays.com\/fr\/wp-json\/wp\/v2\/media\/575427"}],"wp:attachment":[{"href":"https:\/\/www.europesays.com\/fr\/wp-json\/wp\/v2\/media?parent=575426"}],"wp:term":[{"taxonomy":"category","embeddable":true,"href":"https:\/\/www.europesays.com\/fr\/wp-json\/wp\/v2\/categories?post=575426"},{"taxonomy":"post_tag","embeddable":true,"href":"https:\/\/www.europesays.com\/fr\/wp-json\/wp\/v2\/tags?post=575426"}],"curies":[{"name":"wp","href":"https:\/\/api.w.org\/{rel}","templated":true}]}}