{"id":575432,"date":"2025-12-03T13:31:22","date_gmt":"2025-12-03T13:31:22","guid":{"rendered":"https:\/\/www.europesays.com\/fr\/575432\/"},"modified":"2025-12-03T13:31:22","modified_gmt":"2025-12-03T13:31:22","slug":"pourquoi-les-etrangers-paieront-ils-50-plus-cher-lacces-au-musee-du-louvre","status":"publish","type":"post","link":"https:\/\/www.europesays.com\/fr\/575432\/","title":{"rendered":"Pourquoi les \u00e9trangers paieront-ils 50 % plus cher l\u2019acc\u00e8s au mus\u00e9e du Louvre ?"},"content":{"rendered":"<p>Le Louvre va augmenter drastiquement le prix de son billet pour les visiteurs venus de l\u2019ext\u00e9rieur de l\u2019Union europ\u00e9enne (UE). <strong>\u00c0 partir du 14 janvier 2026, le ticket passera de 22 \u00e0 32 euros, soit 10 euros de plus pour les <a href=\"https:\/\/www.presse-citron.net\/bayrou-tourisme-recettes\/\" target=\"_blank\" rel=\"noopener\">touristes<\/a><\/strong> am\u00e9ricains, britanniques, chinois et tous ceux qui ne b\u00e9n\u00e9ficient pas du tarif europ\u00e9en. Les citoyens d\u2019Islande, du Liechtenstein et de Norv\u00e8ge seront toutefois exempt\u00e9s, car int\u00e9gr\u00e9s \u00e0 l\u2019Espace \u00e9conomique europ\u00e9en.<\/p>\n<p>La mesure, valid\u00e9e ce jeudi 27 novembre par le conseil d\u2019administration du mus\u00e9e, s\u2019inscrit dans un contexte particuli\u00e8rement tendu pour l\u2019institution, secou\u00e9e il y a quelques semaines par l\u2019un des vols les plus spectaculaires de son histoire. Pour rappel, le 19 octobre dernier, quatre personnes sont parvenues \u00e0 p\u00e9n\u00e9trer dans le mus\u00e9e et \u00e0 s\u2019emparer de 88 millions d\u2019euros de bijoux de la Couronne. Un \u00e9pisode qui a mis en lumi\u00e8re la d\u00e9gradation structurelle du b\u00e2timent et <a href=\"https:\/\/www.presse-citron.net\/le-mot-de-passe-du-musee-du-louvre-devoile-difficile-de-faire-plus-fragile\/\" target=\"_blank\" rel=\"noopener\">les failles d\u2019un syst\u00e8me de s\u00e9curit\u00e9<\/a> trop ancien pour encaisser un tel choc.<\/p>\n<p>Depuis, la direction du Louvre a enclench\u00e9 plus de vingt mesures d\u2019urgence, comme le recrutement d\u2019un coordinateur s\u00e9curit\u00e9, l\u2019installation d\u2019environ 100 nouvelles cam\u00e9ras et le d\u00e9ploiement de dispositifs anti-intrusion. Aussi, le programme \u00ab\u00a0Louvre New Renaissance\u00a0\u00bb, estim\u00e9 \u00e0 800 millions d\u2019euros, vise \u00e0 moderniser les infrastructures, d\u00e9sengorger les flux de visiteurs et offrir une galerie d\u00e9di\u00e9e \u00e0 la Joconde \u00e0 l\u2019horizon 2031. <strong>La hausse du ticket doit directement contribuer \u00e0 financer ces mises \u00e0 niveau<\/strong>.<\/p>\n<p> <img loading=\"lazy\" decoding=\"async\" class=\"size-full wp-image-689888\" src=\"https:\/\/www.europesays.com\/fr\/wp-content\/uploads\/2025\/12\/Louvre.jpg\" alt=\"Louvre\" width=\"1920\" height=\"1280\"  \/>\u00a9 Pierre Le Goupil\/Presse-citron Une pratique de plus en plus courante <\/p>\n<p>Le Louvre n\u2019est pas un cas isol\u00e9. <strong>\u00c0 Chambord, le tarif pour les non-r\u00e9sidents europ\u00e9ens bondira de 10 euros en janvier pour atteindre 30 euro<\/strong>s. Le ch\u00e2teau, qui doit sauver une aile du XVIe si\u00e8cle menac\u00e9e d\u2019effondrement, cherche \u00e0 r\u00e9unir 37 millions d\u2019euros pour les travaux. <strong>Versailles r\u00e9fl\u00e9chit \u00e0 une telle mesure aussi, avec une possible augmentation de 3 euros pour les visiteurs hors UE<\/strong>. La ministre de la Culture, Rachida Dati, encourage clairement ces hausses cibl\u00e9es pour financer la conservation du patrimoine.<\/p>\n<p>D\u2019ailleurs, cette pratique d\u00e9passe largement les fronti\u00e8res fran\u00e7aises. Aux \u00c9tats-Unis, dans un contexte explosif avec le licenciement de nombreux travailleurs f\u00e9d\u00e9raux, le National Park Service a annonc\u00e9 une surtaxe de 100 dollars pour les touristes \u00e9trangers entrant dans certains parcs populaires comme Yellowstone ou le Grand Canyon.<\/p>\n<p>Au Kenya, la r\u00e9serve du Masai Mara facture 200 dollars par jour aux \u00e9trangers, contre 24 dollars pour les r\u00e9sidents tandis qu\u2019en Afrique du Sud, le parc national Kruger co\u00fbte 35 dollars aux visiteurs internationaux, mais seulement 8 dollars aux locaux.<\/p>\n<ul class=\"tldr\">\n<li>Le Louvre va augmenter de 22 \u00e0 32 euros le prix du billet pour les visiteurs hors UE, une hausse destin\u00e9e \u00e0 financer d\u2019importants travaux de modernisation apr\u00e8s le spectaculaire vol de bijoux.<\/li>\n<li>Cette strat\u00e9gie, encourag\u00e9e par le minist\u00e8re de la Culture, gagne du terrain\u00a0: Chambord et Versailles s\u2019appr\u00eatent eux aussi \u00e0 faire payer davantage les touristes internationaux.<\/li>\n<li>La tendance est mondiale, allant des parcs am\u00e9ricains aux r\u00e9serves africaines, o\u00f9 les visiteurs \u00e9trangers contribuent plus fortement aux co\u00fbts de maintenance et de s\u00e9curit\u00e9.<\/li>\n<\/ul>\n<blockquote>\n<p class=\"text-base text-neutral-700 dark:text-neutral-300\">\ud83d\udccd Pour ne manquer aucune actualit\u00e9 de Presse-citron, suivez-nous sur <a href=\"https:\/\/news.google.com\/publications\/CAAqBggKMIPiNTC70wU?hl=fr&amp;gl=FR&amp;ceid=FR%3Afr\" target=\"_blank\" rel=\"noopener\">Google Actualit\u00e9s<\/a> et <a href=\"https:\/\/whatsapp.com\/channel\/0029VaCkGuz4NViitBXbEr0b\" target=\"_blank\" rel=\"noopener\">WhatsApp<\/a>.<\/p>\n<\/blockquote>\n","protected":false},"excerpt":{"rendered":"Le Louvre va augmenter drastiquement le prix de son billet pour les visiteurs venus de l\u2019ext\u00e9rieur de l\u2019Union&hellip;\n","protected":false},"author":2,"featured_media":575433,"comment_status":"","ping_status":"","sticky":false,"template":"","format":"standard","meta":{"footnotes":""},"categories":[1358],"tags":[1348,1384,1385,251,1386,58,59,1011,27,3048,602],"class_list":{"0":"post-575432","1":"post","2":"type-post","3":"status-publish","4":"format-standard","5":"has-post-thumbnail","7":"category-arts-et-design","8":"tag-arts","9":"tag-arts-and-design","10":"tag-arts-et-design","11":"tag-culture","12":"tag-design","13":"tag-divertissement","14":"tag-entertainment","15":"tag-fr","16":"tag-france","17":"tag-musee","18":"tag-tourisme"},"share_on_mastodon":{"url":"https:\/\/pubeurope.com\/@fr\/115655887676455913","error":""},"_links":{"self":[{"href":"https:\/\/www.europesays.com\/fr\/wp-json\/wp\/v2\/posts\/575432","targetHints":{"allow":["GET"]}}],"collection":[{"href":"https:\/\/www.europesays.com\/fr\/wp-json\/wp\/v2\/posts"}],"about":[{"href":"https:\/\/www.europesays.com\/fr\/wp-json\/wp\/v2\/types\/post"}],"author":[{"embeddable":true,"href":"https:\/\/www.europesays.com\/fr\/wp-json\/wp\/v2\/users\/2"}],"replies":[{"embeddable":true,"href":"https:\/\/www.europesays.com\/fr\/wp-json\/wp\/v2\/comments?post=575432"}],"version-history":[{"count":0,"href":"https:\/\/www.europesays.com\/fr\/wp-json\/wp\/v2\/posts\/575432\/revisions"}],"wp:featuredmedia":[{"embeddable":true,"href":"https:\/\/www.europesays.com\/fr\/wp-json\/wp\/v2\/media\/575433"}],"wp:attachment":[{"href":"https:\/\/www.europesays.com\/fr\/wp-json\/wp\/v2\/media?parent=575432"}],"wp:term":[{"taxonomy":"category","embeddable":true,"href":"https:\/\/www.europesays.com\/fr\/wp-json\/wp\/v2\/categories?post=575432"},{"taxonomy":"post_tag","embeddable":true,"href":"https:\/\/www.europesays.com\/fr\/wp-json\/wp\/v2\/tags?post=575432"}],"curies":[{"name":"wp","href":"https:\/\/api.w.org\/{rel}","templated":true}]}}