{"id":575434,"date":"2025-12-03T13:33:15","date_gmt":"2025-12-03T13:33:15","guid":{"rendered":"https:\/\/www.europesays.com\/fr\/575434\/"},"modified":"2025-12-03T13:33:15","modified_gmt":"2025-12-03T13:33:15","slug":"le-salaire-indecent-de-christine-bravo-69-ans-en-tant-que-chroniqueuse-chez-cyril-hanouna","status":"publish","type":"post","link":"https:\/\/www.europesays.com\/fr\/575434\/","title":{"rendered":"le salaire ind\u00e9cent de Christine Bravo (69 ans) en tant que chroniqueuse chez Cyril Hanouna"},"content":{"rendered":"<p>Christine Bravo se confie sur son \u00e9poque<br \/>\nchez Cyril Hanouna et le salaire exceptionnel qu\u2019elle touchait \u00e0 la<br \/>\nt\u00e9l\u00e9vision. Entre surprises et r\u00e9v\u00e9lations, elle revient sur les<br \/>\ncoulisses d\u2019un plateau o\u00f9 l\u2019argent et la notori\u00e9t\u00e9 faisaient la<br \/>\nloi.<\/p>\n<p><strong>Christine Bravo<\/strong>, figure embl\u00e9matique du petit<br \/>\n\u00e9cran, se souvient de ses ann\u00e9es en tant que chroniqueuse chez<br \/>\nCyril Hanouna. \u00c0 69 ans, elle r\u00e9v\u00e8le sans d\u00e9tour <strong>l\u2019ampleur<br \/>\nde son salaire<\/strong>, qualifi\u00e9 de \u00ab fric monstre \u00bb \u00e0 l\u2019\u00e9poque.<br \/>\nEntre rires et anecdotes de plateau, elle dresse le portrait d\u2019une<br \/>\nt\u00e9l\u00e9vision o\u00f9 les chiffres peuvent surprendre, m\u00eame pour les<br \/>\nhabitu\u00e9s du milieu. Ce t\u00e9moignage offre un regard in\u00e9dit sur la<br \/>\nvaleur accord\u00e9e aux chroniqueurs et sur les coulisses d\u2019\u00e9missions \u00e0<br \/>\nforte audience, tout en mettant en lumi\u00e8re l\u2019exc\u00e8s parfois<br \/>\nsurprenant des r\u00e9mun\u00e9rations dans le paysage m\u00e9diatique.<\/p>\n<p>Christine Bravo d\u00e9voile son salaire t\u00e9l\u00e9 et sa nouvelle<br \/>\nvie en Corse<br \/>\nTransparence et ind\u00e9pendance : les le\u00e7ons financi\u00e8res de<br \/>\nChristine Bravo \u00bb<\/p>\n<p>Christine Bravo, ic\u00f4ne t\u00e9l\u00e9visuelle des ann\u00e9es 80 et 90, se<br \/>\nconfie sans filtre sur sa carri\u00e8re et ses revenus. \u00c0 69 ans, elle<br \/>\nd\u00e9voile l\u2019ampleur de son salaire en tant que<br \/>\n<strong>chroniqueuse<\/strong> chez Cyril Hanouna, un chiffre qui<br \/>\nsurprend m\u00eame les habitu\u00e9s du PAF. Entre anecdotes de plateau et<br \/>\nr\u00e9v\u00e9lations financi\u00e8res, l\u2019animatrice \u00e9voque aussi sa strat\u00e9gie<br \/>\npatrimoniale et ses choix d\u2019investissement. <a href=\"https:\/\/www.nextplz.fr\/people\/518454-christine-bravo-cash-sur-son-salaire-tele-4-000-euros-par-emission-chez-hanouna#:~:text=En%20effet%2C%20elle%20a%20d%C3%A9voil%C3%A9,de%20sa%20coll%C3%A8gue%20Shana%20Loustau.\" target=\"_blank\" rel=\"noopener\">Net plz<\/a><br \/>\npr\u00e9cise que Cette <strong>transparence inhabituelle<\/strong> offre<br \/>\nun regard in\u00e9dit sur la valeur r\u00e9elle des chroniqueurs et la<br \/>\nr\u00e9alit\u00e9 \u00e9conomique de la t\u00e9l\u00e9vision fran\u00e7aise contemporaine,<br \/>\nsouvent m\u00e9connue du grand public.<\/p>\n<p>Une retraite modeste et des choix patrimoniaux<br \/>\njudicieux<\/p>\n<p>Malgr\u00e9 un parcours t\u00e9l\u00e9 impressionnant, Christine Bravo per\u00e7oit<br \/>\naujourd\u2019hui une retraite relativement modeste. Pour autant, elle a<br \/>\nsu b\u00e2tir un capital confortable gr\u00e2ce \u00e0 des investissements<br \/>\nimmobiliers r\u00e9alis\u00e9s il y a plusieurs d\u00e9cennies. \u00ab Si je<br \/>\nn\u2019avais pas investi dans la pierre\u2026 je serais \u00e0 la ramasse \u00bb,<br \/>\nconfie-t-elle. Ces <strong>placements intelligents<\/strong> lui<br \/>\nassurent aujourd\u2019hui une <strong>s\u00e9curit\u00e9 financi\u00e8re<br \/>\nsolide<\/strong> et lui permettent de profiter sereinement de sa vie<br \/>\nen Corse. L\u2019animatrice illustre ainsi l\u2019importance d\u2019anticiper sa<br \/>\nretraite et de diversifier ses revenus pour pr\u00e9server son<br \/>\nind\u00e9pendance financi\u00e8re.<\/p>\n<p>Retour \u00e0 la t\u00e9l\u00e9vision et salaire d\u00e9voil\u00e9<\/p>\n<p>Le 25 novembre, Christine Bravo a int\u00e9gr\u00e9 l\u2019\u00e9mission Tout<br \/>\nbeau tout neuf sur W9, rejoignant la bande de Cyril Hanouna.<br \/>\nAvec franchise, elle a r\u00e9v\u00e9l\u00e9 toucher <strong>4 000 euros par<br \/>\n\u00e9mission<\/strong>, un chiffre bien diff\u00e9rent des r\u00e9mun\u00e9rations<br \/>\npass\u00e9es dans le PAF. Cette transparence \u00e9claire les \u00e9carts de<br \/>\nsalaire entre cha\u00eenes, statuts et g\u00e9n\u00e9rations de <a href=\"https:\/\/www.pleinevie.fr\/loisirs\/celebrites\/matthieu-delormeau-de-retour-a-la-television-apres-la-drogue-et-la-prison-il-apparait-meconnaissable-en-direct-je-ne-suis-pas-au-top-170539.html\" target=\"_blank\" rel=\"noopener\">chroniqueurs<\/a>. Elle pr\u00e9cise<br \/>\n\u00e9galement que, \u00ab \u00e0 l\u2019\u00e9poque, on gagnait un fric monstre \u00e0 la t\u00e9l\u00e9<br \/>\n\u00bb, soulignant la transformation du secteur. Une mani\u00e8re de comparer<br \/>\npass\u00e9 et pr\u00e9sent tout en r\u00e9v\u00e9lant les r\u00e9alit\u00e9s financi\u00e8res<br \/>\nactuelles des animateurs.<\/p>\n<p>De la c\u00e9l\u00e9brit\u00e9 parisienne \u00e0 la<br \/>\ns\u00e9r\u00e9nit\u00e9 m\u00e9diterran\u00e9enne : parcours et r\u00e9v\u00e9lations<br \/>\nfinanci\u00e8res<br \/>\nUne renaissance corse et un rythme de vie<br \/>\napais\u00e9<\/p>\n<p>Depuis 2017, <a href=\"https:\/\/www.pleinevie.fr\/loisirs\/celebrites\/deux-lamborghini-une-porsche-trois-appartements-ce-chroniqueur-de-tpmp-est-le-plus-riche-de-toute-lequipe-voici-letendue-de-sa-fortune-153995.html\" target=\"_blank\" rel=\"noopener\">Christine Bravo<\/a> vit en Corse,<br \/>\nloin du stress parisien. Elle \u00e9voque une vie tranquille, \u00ab \u00e0 la<br \/>\nmer, dans un petit village \u00bb, o\u00f9 le temps semble ralentir. Ce<br \/>\n<strong>changement<\/strong> a am\u00e9lior\u00e9 sa sant\u00e9 mentale et physique<br \/>\n: <strong>perte de poids<\/strong>, bien-\u00eatre g\u00e9n\u00e9ral et s\u00e9r\u00e9nit\u00e9<br \/>\nretrouv\u00e9e. Elle cultive son jardin, profite de produits frais et se<br \/>\nreconnecte \u00e0 un quotidien simple. Cette <strong>nouvelle<br \/>\nvie<\/strong> contraste avec les plateaux t\u00e9l\u00e9 exigeants et le<br \/>\nrythme effr\u00e9n\u00e9 de Paris, illustrant l\u2019importance d\u2019un \u00e9quilibre<br \/>\nentre carri\u00e8re et qualit\u00e9 de vie.<\/p>\n<p>Les confidences sur la transformation<br \/>\npersonnelle<\/p>\n<p>Christine Bravo souligne sa <strong>m\u00e9tamorphose<br \/>\nphysique<\/strong> et morale depuis son d\u00e9part de Paris. Son ami<br \/>\nLaurent Ruquier a d\u2019ailleurs remarqu\u00e9 sa nouvelle \u00e9nergie et son<br \/>\nsourire retrouv\u00e9. Elle attribue cette transformation au mode de vie<br \/>\nm\u00e9diterran\u00e9en, \u00e0 l\u2019air marin et \u00e0 la vie en ext\u00e9rieur. \u00ab Je<br \/>\nremets des fringues d\u2019il y a 20 ans \u00bb, plaisante-t-elle,<br \/>\nt\u00e9moignant d\u2019un rapport apais\u00e9 \u00e0 son image et \u00e0 son pass\u00e9<br \/>\nm\u00e9diatique. Cette \u00e9tape de vie permet de combiner <strong>bonheur,<br \/>\nsant\u00e9 et simplicit\u00e9<\/strong> tout en gardant un lien actif avec le<br \/>\nmonde de la t\u00e9l\u00e9vision.<\/p>\n<p>Une le\u00e7on de transparence et d\u2019ind\u00e9pendance<br \/>\nfinanci\u00e8re<\/p>\n<p>En r\u00e9v\u00e9lant ses revenus et sa <strong>strat\u00e9gie<br \/>\npatrimoniale<\/strong>, Christine Bravo casse le tabou autour de<br \/>\nl\u2019argent \u00e0 la t\u00e9l\u00e9vision. Elle montre qu\u2019il est possible d\u2019allier<br \/>\ncarri\u00e8re m\u00e9diatique et pr\u00e9voyance financi\u00e8re, en anticipant les<br \/>\nrevenus et en investissant intelligemment. Son parcours offre un<br \/>\nexemple pour les g\u00e9n\u00e9rations actuelles, illustrant la n\u00e9cessit\u00e9 de<br \/>\npr\u00e9parer sa s\u00e9curit\u00e9 financi\u00e8re tout en restant fid\u00e8le \u00e0 ses choix<br \/>\nde vie. Transparence, <strong>prudence et pers\u00e9v\u00e9rance<\/strong> :<br \/>\ntels sont les enseignements d\u2019une animatrice qui a su conjuguer<br \/>\nsucc\u00e8s t\u00e9l\u00e9visuel et s\u00e9r\u00e9nit\u00e9 personnelle.<\/p>\n","protected":false},"excerpt":{"rendered":"Christine Bravo se confie sur son \u00e9poque chez Cyril Hanouna et le salaire exceptionnel qu\u2019elle touchait \u00e0 la&hellip;\n","protected":false},"author":2,"featured_media":575435,"comment_status":"","ping_status":"","sticky":false,"template":"","format":"standard","meta":{"footnotes":""},"categories":[1356],"tags":[58,59,1011,27,252,1364],"class_list":{"0":"post-575434","1":"post","2":"type-post","3":"status-publish","4":"format-standard","5":"has-post-thumbnail","7":"category-television","8":"tag-divertissement","9":"tag-entertainment","10":"tag-fr","11":"tag-france","12":"tag-television","13":"tag-tv"},"share_on_mastodon":{"url":"https:\/\/pubeurope.com\/@fr\/115655894971898723","error":""},"_links":{"self":[{"href":"https:\/\/www.europesays.com\/fr\/wp-json\/wp\/v2\/posts\/575434","targetHints":{"allow":["GET"]}}],"collection":[{"href":"https:\/\/www.europesays.com\/fr\/wp-json\/wp\/v2\/posts"}],"about":[{"href":"https:\/\/www.europesays.com\/fr\/wp-json\/wp\/v2\/types\/post"}],"author":[{"embeddable":true,"href":"https:\/\/www.europesays.com\/fr\/wp-json\/wp\/v2\/users\/2"}],"replies":[{"embeddable":true,"href":"https:\/\/www.europesays.com\/fr\/wp-json\/wp\/v2\/comments?post=575434"}],"version-history":[{"count":0,"href":"https:\/\/www.europesays.com\/fr\/wp-json\/wp\/v2\/posts\/575434\/revisions"}],"wp:featuredmedia":[{"embeddable":true,"href":"https:\/\/www.europesays.com\/fr\/wp-json\/wp\/v2\/media\/575435"}],"wp:attachment":[{"href":"https:\/\/www.europesays.com\/fr\/wp-json\/wp\/v2\/media?parent=575434"}],"wp:term":[{"taxonomy":"category","embeddable":true,"href":"https:\/\/www.europesays.com\/fr\/wp-json\/wp\/v2\/categories?post=575434"},{"taxonomy":"post_tag","embeddable":true,"href":"https:\/\/www.europesays.com\/fr\/wp-json\/wp\/v2\/tags?post=575434"}],"curies":[{"name":"wp","href":"https:\/\/api.w.org\/{rel}","templated":true}]}}