{"id":575440,"date":"2025-12-03T13:36:18","date_gmt":"2025-12-03T13:36:18","guid":{"rendered":"https:\/\/www.europesays.com\/fr\/575440\/"},"modified":"2025-12-03T13:36:18","modified_gmt":"2025-12-03T13:36:18","slug":"lapnee-du-sommeil-semble-augmenter-les-risques-de-developper-la-maladie-de-parkinson","status":"publish","type":"post","link":"https:\/\/www.europesays.com\/fr\/575440\/","title":{"rendered":"L\u2019apn\u00e9e du sommeil semble augmenter les risques de d\u00e9velopper la maladie de Parkinson"},"content":{"rendered":"<p>    Le risque de d\u00e9velopper Parkinson serait \u00absignificativement r\u00e9duit\u00bb &#8211; 31 % de risque en moins &#8211; lorsque les patients ont soign\u00e9 leur apn\u00e9e du sommeil par PPC (pression positive continue) \u00abt\u00f4t\u00bb, \u00e0 savoir dans les deux ans apr\u00e8s le diagnostic d\u2019apn\u00e9e du sommeil.<br \/>\n                sbw19 \/ stock.adobe.com<\/p>\n<p>\n    <strong>D\u00c9CRYPTAGE<\/strong> &#8211; Selon les auteurs d\u2019une nouvelle \u00e9tude, ce trouble nocturne est un facteur de risque de la maladie neurod\u00e9g\u00e9n\u00e9rative, et non pas un de ses sympt\u00f4mes pr\u00e9coces. Explications.<\/p>\n<p class=\"fig-paragraph\">En France, plus de 270\u00a0000 personnes vivent avec\u00a0<a href=\"http:\/\/sante.lefigaro.fr\/medecine\/une-premiere-etape-de-franchie-pour-soigner-la-maladie-de-parkinson-une-piste-se-precise-20250417\" data-fig-type=\"Article\" data-gtm-custom-categorie=\"navigation\" data-gtm-custom-action=\"crossclick\" data-gtm-custom-label=\"Contextuel\" data-gtm-event=\"customEventSPE\" data-fig-domain=\"SANTE\" target=\"_blank\" rel=\"noopener\">la\u00a0maladie de Parkinson<\/a>, ou une pathologie apparent\u00e9e. Deuxi\u00e8me maladie neurod\u00e9g\u00e9n\u00e9rative apr\u00e8s\u00a0<a href=\"http:\/\/sante.lefigaro.fr\/medecine\/alzheimer-une-technologie-pour-limiter-les-effets-secondaires-des-nouveaux-medicaments-20251127\" data-fig-type=\"Article\" data-gtm-custom-categorie=\"navigation\" data-gtm-custom-action=\"crossclick\" data-gtm-custom-label=\"Contextuel\" data-gtm-event=\"customEventSPE\" data-fig-domain=\"SANTE\" target=\"_blank\" rel=\"noopener\">la maladie d\u2019Alzheimer<\/a>\u00a0en termes de fr\u00e9quence, elle ne b\u00e9n\u00e9ficie que de traitements symptomatiques, et non curatifs. En effet, ses causes sont encore mal connues, mais un certain nombre de facteurs de risques ont \u00e9t\u00e9 identifi\u00e9s tel l\u2019\u00e2ge, l\u2019exposition aux pesticides, aux m\u00e9taux, solvants, ou encore les traumatismes cr\u00e2niens s\u00e9v\u00e8res. Une\u00a0<a href=\"http:\/\/sante.lefigaro.fr\/medecine\/votre-enfant-ronfle-et-il-est-fatigue-il-souffre-peut-etre-d-apnee-du-sommeil-20251001\" data-fig-type=\"Article\" data-gtm-custom-categorie=\"navigation\" data-gtm-custom-action=\"crossclick\" data-gtm-custom-label=\"Contextuel\" data-gtm-event=\"customEventSPE\" data-fig-domain=\"SANTE\" target=\"_blank\" rel=\"noopener\">apn\u00e9e du sommeil<\/a>\u00a0non trait\u00e9e pourrait s\u2019ajouter \u00e0 cette liste, selon\u00a0<a href=\"https:\/\/jamanetwork.com\/journals\/jamaneurology\/article-abstract\/2841763#\" target=\"_blank\" rel=\"sponsored noopener\" data-gtm-custom-categorie=\"navigation\" data-gtm-custom-action=\"crossclick\" data-gtm-custom-label=\"Contextuel\" data-gtm-event=\"customEventSPE\">une \u00e9tude<\/a>\u00a0publi\u00e9e fin novembre dans la revue Jama Neurology. Mais, bonne nouvelle, le risque se r\u00e9duit consid\u00e9rablement si les patients souffrant d\u2019apn\u00e9e du sommeil ont b\u00e9n\u00e9fici\u00e9 d\u2019une\u00a0<a href=\"https:\/\/sante.lefigaro.fr\/article\/les-appareils-respiratoires-une-solution-efficace-contre-l-apnee-du-sommeil\/\" data-fig-type=\"Article\" data-gtm-custom-categorie=\"navigation\" data-gtm-custom-action=\"crossclick\" data-gtm-custom-label=\"Contextuel\" data-gtm-event=\"customEventSPE\" data-fig-domain=\"SANTE\" target=\"_blank\" rel=\"noopener\">pression positive continue<\/a>\u00a0(PPC) &#8211; un appareil avec un masque respirateur afin de maintenir les voies respiratoires ouvertes. Jug\u00e9 tr\u00e8s efficace par les m\u00e9decins, cet appareil peut toutefois \u00eatre jug\u00e9 rebutant par certains patients, le consid\u00e9rant trop bruyant et imposant.<\/p>\n<p class=\"fig-premium-paywall__infos\">\n        Cet article est r\u00e9serv\u00e9 aux abonn\u00e9s.        Il vous reste 90% \u00e0 d\u00e9couvrir.\n    <\/p>\n<p>                <img  data- alt=\"Le Figaro\" class=\"fig-img--complete fig-img\"\/><\/p>\n<p class=\"fig-premium-paywall__title\">Vous avez envie de lire la suite ?<\/p>\n<p class=\"fig-premium-paywall__subtitle\">D\u00e9bloquez tous les articles imm\u00e9diatement.<\/p>\n<p class=\"fig-premium-paywall__connect\">\n                D\u00e9j\u00e0 abonn\u00e9\u00a0?                <a class=\"fig-premium-paywall__connect-link\" href=\"https:\/\/connect.lefigaro.fr\/login?client=sante_web&amp;type=main&amp;redirect_uri=https%3A%2F%2Fsante.lefigaro.fr%2Fmedecine%2Fl-apnee-du-sommeil-semble-augmenter-les-risques-de-developper-la-maladie-de-parkinson-20251203\" data-js-gtm=\"{&quot;customCategorie&quot;: &quot;conversion&quot;, &quot;customAction&quot;: &quot;before_Landing_Connexion_paywall_manuel&quot;, &quot;customLabel&quot;: &quot;c2FudGUubGVmaWdhcm8uZnJfXzFmMGNlZTQ0LTU2N2MtNmFjZS05ZjA5LWUxYTFlZmQxMmFjZF9fQXJ0aWNsZQ==_L\u2019apn\u00e9e du sommeil semble augmenter les risques de d\u00e9velopper la maladie de Parkinson_1887&quot;, &quot;customIDSPE&quot;: &quot;c2FudGUubGVmaWdhcm8uZnJfXzFmMGNlZTQ0LTU2N2MtNmFjZS05ZjA5LWUxYTFlZmQxMmFjZF9fQXJ0aWNsZQ==&quot;, &quot;event&quot;: &quot;customEventSPE&quot;}\" target=\"_blank\" rel=\"noopener\"><br \/>\n                    Connectez-vous<br \/>\n                <\/a>\n            <\/p>\n","protected":false},"excerpt":{"rendered":"Le risque de d\u00e9velopper Parkinson serait \u00absignificativement r\u00e9duit\u00bb &#8211; 31 % de risque en moins &#8211; lorsque les&hellip;\n","protected":false},"author":2,"featured_media":575441,"comment_status":"","ping_status":"","sticky":false,"template":"","format":"standard","meta":{"footnotes":""},"categories":[10],"tags":[56046,1011,27,72,36723,71,68982],"class_list":{"0":"post-575440","1":"post","2":"type-post","3":"status-publish","4":"format-standard","5":"has-post-thumbnail","7":"category-sante","8":"tag-apnees-du-sommeil","9":"tag-fr","10":"tag-france","11":"tag-health","12":"tag-la-maladie-de-parkinson","13":"tag-sante","14":"tag-sommeil-et-vieillissement"},"share_on_mastodon":{"url":"https:\/\/pubeurope.com\/@fr\/115655906805396795","error":""},"_links":{"self":[{"href":"https:\/\/www.europesays.com\/fr\/wp-json\/wp\/v2\/posts\/575440","targetHints":{"allow":["GET"]}}],"collection":[{"href":"https:\/\/www.europesays.com\/fr\/wp-json\/wp\/v2\/posts"}],"about":[{"href":"https:\/\/www.europesays.com\/fr\/wp-json\/wp\/v2\/types\/post"}],"author":[{"embeddable":true,"href":"https:\/\/www.europesays.com\/fr\/wp-json\/wp\/v2\/users\/2"}],"replies":[{"embeddable":true,"href":"https:\/\/www.europesays.com\/fr\/wp-json\/wp\/v2\/comments?post=575440"}],"version-history":[{"count":0,"href":"https:\/\/www.europesays.com\/fr\/wp-json\/wp\/v2\/posts\/575440\/revisions"}],"wp:featuredmedia":[{"embeddable":true,"href":"https:\/\/www.europesays.com\/fr\/wp-json\/wp\/v2\/media\/575441"}],"wp:attachment":[{"href":"https:\/\/www.europesays.com\/fr\/wp-json\/wp\/v2\/media?parent=575440"}],"wp:term":[{"taxonomy":"category","embeddable":true,"href":"https:\/\/www.europesays.com\/fr\/wp-json\/wp\/v2\/categories?post=575440"},{"taxonomy":"post_tag","embeddable":true,"href":"https:\/\/www.europesays.com\/fr\/wp-json\/wp\/v2\/tags?post=575440"}],"curies":[{"name":"wp","href":"https:\/\/api.w.org\/{rel}","templated":true}]}}