{"id":575450,"date":"2025-12-03T13:42:14","date_gmt":"2025-12-03T13:42:14","guid":{"rendered":"https:\/\/www.europesays.com\/fr\/575450\/"},"modified":"2025-12-03T13:42:14","modified_gmt":"2025-12-03T13:42:14","slug":"un-adolescent-sauve-dune-chute-de-50-metres-grace-a-ses-airpods","status":"publish","type":"post","link":"https:\/\/www.europesays.com\/fr\/575450\/","title":{"rendered":"Un adolescent sauv\u00e9 d\u2019une chute de 50 m\u00e8tres gr\u00e2ce \u00e0 ses AirPods"},"content":{"rendered":"<p>Un adolescent qui randonnait dimanche aux abords du mont Walsh, sur la c\u00f4te sud-est du Queensland (<a href=\"https:\/\/www.20minutes.fr\/dossier\/australie\" class=\"c-link c-link--is-underlined\" target=\"_blank\" rel=\"noopener\">Australie<\/a>), a surv\u00e9cu \u00e0 une chute de 50 m\u00e8tres, rapporte <a href=\"https:\/\/www.news.com.au\/travel\/travel-updates\/incidents\/aussie-teen-lucky-to-be-alive-after-plunging-50-metres-from-cliff\/news-story\/873ab234cb7c5424fd38c12ab53af3d3\" rel=\"nofollow noopener\" target=\"_blank\" class=\"c-link c-link--is-underlined\">News.com<\/a>. Il doit son salut \u00e0 ses AirPods, dont l\u2019utilisation a permis de guider les secours.<\/p>\n<p>L\u2019accident s\u2019est produit alors que le jeune Australien avait atteint le sommet de la <a href=\"https:\/\/www.20minutes.fr\/dossier\/montagne\" class=\"c-link c-link--is-underlined\" target=\"_blank\" rel=\"noopener\">montagne<\/a>, dans une zone au relief accident\u00e9. Il s\u2019agissait de sa premi\u00e8re randonn\u00e9e en solo. Heureusement pour lui, sa m\u00e8re avait insist\u00e9 pour qu\u2019il emporte un \u00e9metteur de localisation personnel (PLB). Si celui-ci indiquait une position, elle n\u2019\u00e9tait pas suffisamment pr\u00e9cise pour les secours, relate <a href=\"https:\/\/www.instagram.com\/reel\/DRtVSv0jMHF\/?utm_source=ig_embed\" rel=\"nofollow noopener\" target=\"_blank\" class=\"c-link c-link--is-underlined\">sur Instagram<\/a>\u00a0LifeFlight, qui a men\u00e9 les\u00a0op\u00e9rations de <a href=\"https:\/\/www.20minutes.fr\/dossier\/secours\" class=\"c-link c-link--is-underlined\" target=\"_blank\" rel=\"noopener\">secours<\/a>.<\/p>\n<p class=\"mb-m@xs text-l@xs\">En cliquant sur\u00ab J\u2019accepte \u00bb, vous acceptez le d\u00e9p\u00f4t de cookies par des services externes et aurez ainsi acc\u00e8s aux contenus de nos partenaires.<\/p>\n<p class=\"mb-xl@xs text-s@xs\">Plus d\u2019informations sur la page<a href=\"https:\/\/www.20minutes.fr\/gestion-cookies\" class=\"mx-xxs@xs color-ultramarine\" target=\"_blank\" rel=\"noopener\">Politique de gestion des cookies<\/a><\/p>\n<p>J\u2019accepteUne op\u00e9ration de sauvetage lanc\u00e9e<\/p>\n<p>Le t\u00e9l\u00e9phone portable du <a href=\"https:\/\/www.20minutes.fr\/dossier\/randonnee\" class=\"c-link c-link--is-underlined\" target=\"_blank\" rel=\"noopener\">randonneur<\/a> \u00e9tait d\u00e9truit, mais pas ses AirPods connect\u00e9s, ce qui lui a permis de joindre sa m\u00e8re. Cette derni\u00e8re a ensuite pu alerter la police du Queensland, qui a lanc\u00e9 la phase de sauvetage. Restait \u00e0 retrouver le jeune homme en d\u00e9tresse\u00a0: sa localisation \u00e9tait en effet compliqu\u00e9e par le port de v\u00eatements noirs et une v\u00e9g\u00e9tation dense.<\/p>\n<p>Une fois sur zone, trois secouristes, dont un m\u00e9decin urgentiste, ont \u00e9t\u00e9 h\u00e9litreuill\u00e9s jusqu\u2019au randonneur, qui pr\u00e9sentait des traumatismes \u00e0 la t\u00eate, au thorax, au cou et au bassin. Il a \u00e9t\u00e9 sangl\u00e9 sur une civi\u00e8re puis \u00e9vacu\u00e9 vers l\u2019h\u00f4pital.<\/p>\n<p>\u00ab\u00a0Nous avons eu beaucoup de chance de le retrouver\u00a0\u00bb<\/p>\n<p>Un m\u00e9decin urgentiste chez LifeFlight a soulign\u00e9 le r\u00f4le d\u00e9terminant des AirPods\u00a0: \u00ab\u00a0Sans eux, l\u2019histoire aurait \u00e9t\u00e9 diff\u00e9rente. Nous avons eu beaucoup de chance de le retrouver.\u00a0\u00bb Les secouristes ont pou ainsi atteindre le randonneur environ deux heures apr\u00e8s sa chute.<\/p>\n<p>Le m\u00e9decin rappelle qu\u2019il est important que les randonneurs solitaires s\u2019\u00e9quipent d\u2019une balise <a href=\"https:\/\/www.20minutes.fr\/dossier\/gps\" class=\"c-link c-link--is-underlined\" target=\"_blank\" rel=\"noopener\">GPS<\/a>, qu\u2019ils informent leurs proches avec des horaires pr\u00e9cis et qu\u2019ils emportent suffisamment d\u2019eau.<\/p>\n<p><script async src=\"\/\/www.instagram.com\/embed.js\"><\/script><\/p>\n","protected":false},"excerpt":{"rendered":"Un adolescent qui randonnait dimanche aux abords du mont Walsh, sur la c\u00f4te sud-est du Queensland (Australie), a&hellip;\n","protected":false},"author":2,"featured_media":575451,"comment_status":"","ping_status":"","sticky":false,"template":"","format":"standard","meta":{"footnotes":""},"categories":[5],"tags":[119,47,11,733,5035,1011,27,14,74,12,7553,28],"class_list":{"0":"post-575450","1":"post","2":"type-post","3":"status-publish","4":"format-standard","5":"has-post-thumbnail","7":"category-international","8":"tag-accident","9":"tag-actualite","10":"tag-actualites","11":"tag-apple","12":"tag-australie","13":"tag-fr","14":"tag-france","15":"tag-international","16":"tag-monde","17":"tag-news","18":"tag-randonnee","19":"tag-world"},"share_on_mastodon":{"url":"","error":""},"_links":{"self":[{"href":"https:\/\/www.europesays.com\/fr\/wp-json\/wp\/v2\/posts\/575450","targetHints":{"allow":["GET"]}}],"collection":[{"href":"https:\/\/www.europesays.com\/fr\/wp-json\/wp\/v2\/posts"}],"about":[{"href":"https:\/\/www.europesays.com\/fr\/wp-json\/wp\/v2\/types\/post"}],"author":[{"embeddable":true,"href":"https:\/\/www.europesays.com\/fr\/wp-json\/wp\/v2\/users\/2"}],"replies":[{"embeddable":true,"href":"https:\/\/www.europesays.com\/fr\/wp-json\/wp\/v2\/comments?post=575450"}],"version-history":[{"count":0,"href":"https:\/\/www.europesays.com\/fr\/wp-json\/wp\/v2\/posts\/575450\/revisions"}],"wp:featuredmedia":[{"embeddable":true,"href":"https:\/\/www.europesays.com\/fr\/wp-json\/wp\/v2\/media\/575451"}],"wp:attachment":[{"href":"https:\/\/www.europesays.com\/fr\/wp-json\/wp\/v2\/media?parent=575450"}],"wp:term":[{"taxonomy":"category","embeddable":true,"href":"https:\/\/www.europesays.com\/fr\/wp-json\/wp\/v2\/categories?post=575450"},{"taxonomy":"post_tag","embeddable":true,"href":"https:\/\/www.europesays.com\/fr\/wp-json\/wp\/v2\/tags?post=575450"}],"curies":[{"name":"wp","href":"https:\/\/api.w.org\/{rel}","templated":true}]}}