{"id":575462,"date":"2025-12-03T13:49:16","date_gmt":"2025-12-03T13:49:16","guid":{"rendered":"https:\/\/www.europesays.com\/fr\/575462\/"},"modified":"2025-12-03T13:49:16","modified_gmt":"2025-12-03T13:49:16","slug":"football-ligue-2-grenoble","status":"publish","type":"post","link":"https:\/\/www.europesays.com\/fr\/575462\/","title":{"rendered":"Football &#8211; Ligue 2. Grenoble"},"content":{"rendered":"<p>Grenoble &#8211; ASNL<\/p>\n<p>Vendredi \u00e0 20 h<\/p>\n<p>Ce mercredi, c\u2019\u00e9tait J-2, pour l\u2019ASNL, avant le rendez-vous \u00e0 Grenoble. C\u2019\u00e9tait jour de conf\u00e9rence de presse d\u2019avant-match en For\u00eat de Haye. Le coach Pablo Correa s\u2019est ainsi pr\u00e9sent\u00e9 derri\u00e8re les micros pour parler du d\u00e9fi qui attend l\u2019ASNL au stade des Alpes, vendredi, et pour annoncer une bonne nouvelle\u00a0: le r\u00e9tablissement rapide de Nicolas Saint-Ruf.<\/p>\n","protected":false},"excerpt":{"rendered":"Grenoble &#8211; ASNL Vendredi \u00e0 20 h Ce mercredi, c\u2019\u00e9tait J-2, pour l\u2019ASNL, avant le rendez-vous \u00e0 Grenoble.&hellip;\n","protected":false},"author":2,"featured_media":575463,"comment_status":"","ping_status":"","sticky":false,"template":"","format":"standard","meta":{"footnotes":""},"categories":[9635],"tags":[1111,11,3703,1704,1777,674,1701,63,1011,27,775,1702,1703,12,25,517,1700],"class_list":{"0":"post-575462","1":"post","2":"type-post","3":"status-publish","4":"format-standard","5":"has-post-thumbnail","7":"category-nancy","8":"tag-actu","9":"tag-actualites","10":"tag-asnl","11":"tag-edition-nancy-et-agglomeration","12":"tag-eu","13":"tag-europe","14":"tag-fil-info-sport","15":"tag-football","16":"tag-fr","17":"tag-france","18":"tag-grand-est","19":"tag-nancy","20":"tag-nancy-ville-54b","21":"tag-news","22":"tag-republique-francaise","23":"tag-sport","24":"tag-sport-lorrain"},"share_on_mastodon":{"url":"https:\/\/pubeurope.com\/@fr\/115655957803391742","error":""},"_links":{"self":[{"href":"https:\/\/www.europesays.com\/fr\/wp-json\/wp\/v2\/posts\/575462","targetHints":{"allow":["GET"]}}],"collection":[{"href":"https:\/\/www.europesays.com\/fr\/wp-json\/wp\/v2\/posts"}],"about":[{"href":"https:\/\/www.europesays.com\/fr\/wp-json\/wp\/v2\/types\/post"}],"author":[{"embeddable":true,"href":"https:\/\/www.europesays.com\/fr\/wp-json\/wp\/v2\/users\/2"}],"replies":[{"embeddable":true,"href":"https:\/\/www.europesays.com\/fr\/wp-json\/wp\/v2\/comments?post=575462"}],"version-history":[{"count":0,"href":"https:\/\/www.europesays.com\/fr\/wp-json\/wp\/v2\/posts\/575462\/revisions"}],"wp:featuredmedia":[{"embeddable":true,"href":"https:\/\/www.europesays.com\/fr\/wp-json\/wp\/v2\/media\/575463"}],"wp:attachment":[{"href":"https:\/\/www.europesays.com\/fr\/wp-json\/wp\/v2\/media?parent=575462"}],"wp:term":[{"taxonomy":"category","embeddable":true,"href":"https:\/\/www.europesays.com\/fr\/wp-json\/wp\/v2\/categories?post=575462"},{"taxonomy":"post_tag","embeddable":true,"href":"https:\/\/www.europesays.com\/fr\/wp-json\/wp\/v2\/tags?post=575462"}],"curies":[{"name":"wp","href":"https:\/\/api.w.org\/{rel}","templated":true}]}}