{"id":575466,"date":"2025-12-03T13:52:16","date_gmt":"2025-12-03T13:52:16","guid":{"rendered":"https:\/\/www.europesays.com\/fr\/575466\/"},"modified":"2025-12-03T13:52:16","modified_gmt":"2025-12-03T13:52:16","slug":"montpellier-une-grande-collecte-de-sang-a-lopera-comedie-les-5-et-6-decembre","status":"publish","type":"post","link":"https:\/\/www.europesays.com\/fr\/575466\/","title":{"rendered":"Montpellier : une grande collecte de sang \u00e0 l&rsquo;Op\u00e9ra Com\u00e9die les 5 et 6 d\u00e9cembre"},"content":{"rendered":"<p>\u201cChaque jour, des milliers de patients sont soign\u00e9s gr\u00e2ce \u00e0 des dons de sang, de plaquettes ou de plasma\u201d, rappelle EFS. \u201cLa fin d\u2019ann\u00e9e est souvent synonyme d\u2019une mobilisation moins forte des donneurs. Vacances, rassemblements familiaux, m\u00e9t\u00e9o et virus hivernaux\u2026 les donneurs sont moins nombreux \u00e0 franchir les portes des Maisons du don et des collectes mobiles en fin d\u2019ann\u00e9e. Pourtant, les patients doivent pouvoir \u00eatre soign\u00e9s sans d\u00e9lai en cette p\u00e9riode \u00e9galement\u201d. Selon EFS, un seul don de sang permet de sauver trois vies.\u00a0<\/p>\n","protected":false},"excerpt":{"rendered":"\u201cChaque jour, des milliers de patients sont soign\u00e9s gr\u00e2ce \u00e0 des dons de sang, de plaquettes ou de&hellip;\n","protected":false},"author":2,"featured_media":575467,"comment_status":"","ping_status":"","sticky":false,"template":"","format":"standard","meta":{"footnotes":""},"categories":[9599],"tags":[1111,11,1777,674,1011,27,2208,12,2680,25],"class_list":{"0":"post-575466","1":"post","2":"type-post","3":"status-publish","4":"format-standard","5":"has-post-thumbnail","7":"category-montpellier","8":"tag-actu","9":"tag-actualites","10":"tag-eu","11":"tag-europe","12":"tag-fr","13":"tag-france","14":"tag-montpellier","15":"tag-news","16":"tag-occitanie","17":"tag-republique-francaise"},"share_on_mastodon":{"url":"https:\/\/pubeurope.com\/@fr\/115655969661040519","error":""},"_links":{"self":[{"href":"https:\/\/www.europesays.com\/fr\/wp-json\/wp\/v2\/posts\/575466","targetHints":{"allow":["GET"]}}],"collection":[{"href":"https:\/\/www.europesays.com\/fr\/wp-json\/wp\/v2\/posts"}],"about":[{"href":"https:\/\/www.europesays.com\/fr\/wp-json\/wp\/v2\/types\/post"}],"author":[{"embeddable":true,"href":"https:\/\/www.europesays.com\/fr\/wp-json\/wp\/v2\/users\/2"}],"replies":[{"embeddable":true,"href":"https:\/\/www.europesays.com\/fr\/wp-json\/wp\/v2\/comments?post=575466"}],"version-history":[{"count":0,"href":"https:\/\/www.europesays.com\/fr\/wp-json\/wp\/v2\/posts\/575466\/revisions"}],"wp:featuredmedia":[{"embeddable":true,"href":"https:\/\/www.europesays.com\/fr\/wp-json\/wp\/v2\/media\/575467"}],"wp:attachment":[{"href":"https:\/\/www.europesays.com\/fr\/wp-json\/wp\/v2\/media?parent=575466"}],"wp:term":[{"taxonomy":"category","embeddable":true,"href":"https:\/\/www.europesays.com\/fr\/wp-json\/wp\/v2\/categories?post=575466"},{"taxonomy":"post_tag","embeddable":true,"href":"https:\/\/www.europesays.com\/fr\/wp-json\/wp\/v2\/tags?post=575466"}],"curies":[{"name":"wp","href":"https:\/\/api.w.org\/{rel}","templated":true}]}}