{"id":57547,"date":"2025-04-27T19:42:15","date_gmt":"2025-04-27T19:42:15","guid":{"rendered":"https:\/\/www.europesays.com\/fr\/57547\/"},"modified":"2025-04-27T19:42:15","modified_gmt":"2025-04-27T19:42:15","slug":"un-policier-hors-service-meurt-apres-une-altercation-devant-un-bar-un-suspect-en-garde-a-vue-2","status":"publish","type":"post","link":"https:\/\/www.europesays.com\/fr\/57547\/","title":{"rendered":"Un policier hors service meurt apr\u00e8s une altercation devant un bar, un suspect en garde \u00e0 vue"},"content":{"rendered":"<p>Le drame s\u2019est produit ce dimanche matin. Un homme de 34 ans, un <a href=\"https:\/\/www.20minutes.fr\/dossier\/police\" class=\"color-ultramarine c-link\" target=\"_blank\" rel=\"noopener\">policier hors service <\/a>et dont la profession n\u2019\u00e9tait pas connue au moment des faits selon les premiers \u00e9l\u00e9ments de l\u2019enqu\u00eate, est mort suite \u00e0 une altercation devant un bar parisien du 6e\u00a0arrondissement. Un homme, qui lui avait fait <a href=\"https:\/\/www.20minutes.fr\/faits_divers\/faits-divers-paris\/\" class=\"color-ultramarine c-link\" target=\"_blank\" rel=\"noopener\">une balayette et provoquant sa chute<\/a>, est en garde \u00e0 vue.<\/p>\n<p>La victime \u00e9tait brigadier dans le Val-d\u2019Oise. Toujours selon les premiers \u00e9l\u00e9ments recueillis par les enqu\u00eateurs, la victime avait pass\u00e9 la nuit avec des amis dans un bar. A <a href=\"https:\/\/www.20minutes.fr\/monde\/violences\/\" class=\"color-ultramarine c-link\" target=\"_blank\" rel=\"noopener\">la suite d\u2019une altercation<\/a> dans cet \u00e9tablissement, il est sorti vers cinq heures du matin, \u00ab\u00a0sans que sa profession n\u2019ait \u00e9t\u00e9 connue\u00a0\u00bb, pr\u00e9cise le parquet de Paris.<\/p>\n<p>Il commande un Uber et tombe t\u00eate vers le sol<\/p>\n<p>C\u2019est alors qu\u2019il a subi une balayette avant de chuter au sol. Selon les t\u00e9moins et la vid\u00e9osurveillance, il s\u2019est ensuite \u00ab\u00a0\u00e9loign\u00e9 du bar, et a manipul\u00e9 son t\u00e9l\u00e9phone pour commander un <a href=\"https:\/\/www.20minutes.fr\/economie\/uber\/\" class=\"color-ultramarine c-link\" target=\"_blank\" rel=\"noopener\">Uber<\/a>. Il est alors tomb\u00e9 t\u00eate vers le sol entre 5h15 et 5h25\u00a0\u00bb, a-t-on ajout\u00e9 de m\u00eame source. Quant \u00e0 \u00ab\u00a0l\u2019auteur de la balayette, un homme de 30 ans n\u00e9 \u00e0 Montreuil, il a \u00e9t\u00e9 plac\u00e9 en <a href=\"https:\/\/www.20minutes.fr\/dossier\/garde_a_vue\" class=\"color-ultramarine c-link\" target=\"_blank\" rel=\"noopener\">garde \u00e0 vue<\/a>\u00a0\u00bb, a indiqu\u00e9 le parquet.<\/p>\n<p>\u00ab\u00a0Une autopsie a \u00e9t\u00e9 ordonn\u00e9e, afin d\u2019apporter des \u00e9l\u00e9ments m\u00e9dicaux sur la cause du d\u00e9c\u00e8s\u00a0\u00bb, conclut le parquet de Paris.<\/p>\n","protected":false},"excerpt":{"rendered":"Le drame s\u2019est produit ce dimanche matin. Un homme de 34 ans, un policier hors service et dont&hellip;\n","protected":false},"author":2,"featured_media":57548,"comment_status":"","ping_status":"","sticky":false,"template":"","format":"standard","meta":{"footnotes":""},"categories":[1888],"tags":[1111,1928,47,11,1927,10737,9732,3983,1777,674,118,658,1011,27,662,12,1926,626,1925,10857,10910,25,5510,104,809],"class_list":{"0":"post-57547","1":"post","2":"type-post","3":"status-publish","4":"format-standard","5":"has-post-thumbnail","7":"category-paris","8":"tag-actu","9":"tag-actu-paris","10":"tag-actualite","11":"tag-actualites","12":"tag-actualites-paris","13":"tag-bagarre","14":"tag-bar","15":"tag-deces","16":"tag-eu","17":"tag-europe","18":"tag-faits-divers","19":"tag-faits-divers-paris","20":"tag-fr","21":"tag-france","22":"tag-ile-de-france","23":"tag-news","24":"tag-news-paris","25":"tag-paris","26":"tag-paris-news","27":"tag-parquet-de-paris","28":"tag-policier","29":"tag-republique-francaise","30":"tag-rixe","31":"tag-societe","32":"tag-violence"},"share_on_mastodon":{"url":"https:\/\/pubeurope.com\/@fr\/114411637650577173","error":""},"_links":{"self":[{"href":"https:\/\/www.europesays.com\/fr\/wp-json\/wp\/v2\/posts\/57547","targetHints":{"allow":["GET"]}}],"collection":[{"href":"https:\/\/www.europesays.com\/fr\/wp-json\/wp\/v2\/posts"}],"about":[{"href":"https:\/\/www.europesays.com\/fr\/wp-json\/wp\/v2\/types\/post"}],"author":[{"embeddable":true,"href":"https:\/\/www.europesays.com\/fr\/wp-json\/wp\/v2\/users\/2"}],"replies":[{"embeddable":true,"href":"https:\/\/www.europesays.com\/fr\/wp-json\/wp\/v2\/comments?post=57547"}],"version-history":[{"count":0,"href":"https:\/\/www.europesays.com\/fr\/wp-json\/wp\/v2\/posts\/57547\/revisions"}],"wp:featuredmedia":[{"embeddable":true,"href":"https:\/\/www.europesays.com\/fr\/wp-json\/wp\/v2\/media\/57548"}],"wp:attachment":[{"href":"https:\/\/www.europesays.com\/fr\/wp-json\/wp\/v2\/media?parent=57547"}],"wp:term":[{"taxonomy":"category","embeddable":true,"href":"https:\/\/www.europesays.com\/fr\/wp-json\/wp\/v2\/categories?post=57547"},{"taxonomy":"post_tag","embeddable":true,"href":"https:\/\/www.europesays.com\/fr\/wp-json\/wp\/v2\/tags?post=57547"}],"curies":[{"name":"wp","href":"https:\/\/api.w.org\/{rel}","templated":true}]}}